{"id":175359,"date":"2025-06-27T13:39:15","date_gmt":"2025-06-27T16:39:15","guid":{"rendered":"https:\/\/cdnoticias.com\/?p=175359"},"modified":"2025-06-27T17:31:33","modified_gmt":"2025-06-27T20:31:33","slug":"ola-polar-en-la-provincia-nieve-en-olavarria","status":"publish","type":"post","link":"https:\/\/cdnoticias.com\/index.php\/2025\/06\/27\/ola-polar-en-la-provincia-nieve-en-olavarria\/","title":{"rendered":"Ola polar en la Provincia: \u00bfnieve en Olavarr\u00eda?"},"content":{"rendered":"<p>El ingreso de una masa de aire fr\u00edo genera condiciones excepcionales en algunas \u00e1reas del sudoeste y centro bonaerense. Qu\u00e9 anticipan el SMN y otros modelos predictivos para el fin de semana.<!--more--><\/p>\n<hr \/>\n<p>Con la presencia de una masa de aire polar asentada en el centro y sur del pa\u00eds, la atenci\u00f3n meteorol\u00f3gica se traslada al pron\u00f3stico para el pr\u00f3ximo fin de semana, ya que las condiciones que anticipan algunos modelos sugieren que podr\u00eda darse un nuevo evento clim\u00e1tico inusual: la ca\u00edda de nieve en algunas zonas de la provincia de Buenos Aires.<\/p>\n<blockquote><p>\u201cEsperamos que se puedan registrar nevadas d\u00e9biles, aguanieve en la zona de Tandil, Sierra de la Ventana y Pringles, tambi\u00e9n sobre el sur de la provincia. Podemos llegar a tener escarcha en muchas regiones, junto con lloviznas\u201d, adelantaron al medio Infobae desde el Servicio Meteorol\u00f3gico Nacional (SMN). Las previsiones incluyen a Olavarr\u00eda.<\/p><\/blockquote>\n<p>El foco principal est\u00e1 puesto en el nuevo frente fr\u00edo que ingresar\u00eda entre el s\u00e1bado 28 y el domingo 29 de junio, coincidiendo con la formaci\u00f3n de un sistema de baja presi\u00f3n profunda sobre el Atl\u00e1ntico.<\/p>\n<p>Si se cumplen los escenarios previstos por el modelo europeo ECMWF, el impacto ser\u00eda mayor en el centro y sur de la provincia de Buenos Aires, lo que comprende a nuestra regi\u00f3n. Se espera un marcado descenso de temperatura y la posibilidad de precipitaciones en forma de nieve.<\/p>\n<p><img data-recalc-dims=\"1\" loading=\"lazy\" decoding=\"async\" class=\"alignnone size-large wp-image-122509 aligncenter\" src=\"https:\/\/i0.wp.com\/cdnoticias.com\/wp-content\/uploads\/2024\/08\/nieve-en-sierra-de-la-venta.jpg?resize=800%2C373&#038;ssl=1\" alt=\"\" width=\"800\" height=\"373\" srcset=\"https:\/\/i0.wp.com\/cdnoticias.com\/wp-content\/uploads\/2024\/08\/nieve-en-sierra-de-la-venta.jpg?resize=1024%2C478&amp;ssl=1 1024w, https:\/\/i0.wp.com\/cdnoticias.com\/wp-content\/uploads\/2024\/08\/nieve-en-sierra-de-la-venta.jpg?resize=300%2C140&amp;ssl=1 300w, https:\/\/i0.wp.com\/cdnoticias.com\/wp-content\/uploads\/2024\/08\/nieve-en-sierra-de-la-venta.jpg?resize=768%2C359&amp;ssl=1 768w, https:\/\/i0.wp.com\/cdnoticias.com\/wp-content\/uploads\/2024\/08\/nieve-en-sierra-de-la-venta.jpg?resize=1536%2C717&amp;ssl=1 1536w, https:\/\/i0.wp.com\/cdnoticias.com\/wp-content\/uploads\/2024\/08\/nieve-en-sierra-de-la-venta.jpg?w=1600&amp;ssl=1 1600w\" sizes=\"auto, (max-width: 800px) 100vw, 800px\" \/><\/p>\n<blockquote><p>As\u00ed, para la provincia los modelos indican que las zonas m\u00e1s propensas a recibir nieve ser\u00edan las sierras del sur, como Sierra de la Ventana, y localidades de la regi\u00f3n del sudoeste como Coronel Pringles, Coronel Dorrego, Tres Arroyos, y Benito Ju\u00e1rez, adem\u00e1s de ciudades como Azul y Olavarr\u00eda.<\/p><\/blockquote>\n<p>Los modelos consultados coinciden en que <strong>las temperaturas a unos 5.500 metros de altura (equivalente a 500 hPa) caer\u00edan hasta los \u201337 \u00b0C.<\/strong> Esta condici\u00f3n atmosf\u00e9rica, en <strong>combinaci\u00f3n con la humedad superficial, favorece la formaci\u00f3n de nieve<\/strong> incluso en regiones alejadas de la cordillera.<\/p>\n<p>Seg\u00fan el<strong> monitoreo de Meteored<\/strong>, un sitio especializado en tiempo real con base en modelos internacionales, <strong>el escenario es considerado \u201cfavorable\u201d<\/strong>, aunque con variaciones notables entre las distintas simulaciones.<\/p>\n<p>La llegada del frente fr\u00edo coincide con una<strong> etapa de inestabilidad clim\u00e1tica prolongada<\/strong>. En la \u00faltima semana, la nieve se registr\u00f3 en varias provincias de la Patagonia, <a href=\"https:\/\/cdnoticias.com\/index.php\/2025\/06\/23\/con-la-llegada-del-invierno-nevadas-en-la-provincia-de-buenos-aires\/\" target=\"_blank\" rel=\"noopener\">as\u00ed como en zonas del sur bonaerense<\/a> y en algunos puntos de La Pampa.<\/p>\n<p>Desde el <strong>SMN<\/strong>, adem\u00e1s de actualizar los pron\u00f3sticos de manera continua, se insisti\u00f3 en la necesidad de<strong> tomar precauciones ante las condiciones adversas<\/strong>. La entidad recomienda<em> \u201cmantener una ventilaci\u00f3n adecuada de los ambientes al usar calefacci\u00f3n\u201d, \u201cabrigarse con varias capas de ropa\u201d, \u201cprestar atenci\u00f3n a personas en situaci\u00f3n de vulnerabilidad\u201d y \u201cproteger a mascotas y animales de cr\u00eda\u201d<\/em>.\u00a0Tambi\u00e9n se sugiere<em> \u201cextremar cuidados en la conducci\u00f3n, especialmente en zonas donde puedan registrarse heladas, hielo o nieve\u201d<\/em>.<\/p>\n<p>En paralelo, <strong>las autoridades pidieron estar atentos a las alertas oficiales<\/strong>, ya que las condiciones podr\u00edan variar con rapidez. Para quienes deban circular por rutas del interior bonaerense, especialmente hacia las zonas serranas, las advertencias se centran en la posibilidad de acumulaci\u00f3n de nieve o hielo sobre la calzada.<\/p>\n<p>El posible regreso de la nieve al sur bonaerense activ\u00f3 una<strong> vigilancia especial en toda la regi\u00f3n central del pa\u00eds<\/strong> y se espera que, a medida que se acerque el fin de semana, los modelos clim\u00e1ticos continuar\u00e1n ajustando sus estimaciones.<\/p>\n<p>Fuente:<em> Infobae<\/em><\/p>\n","protected":false},"excerpt":{"rendered":"<p>El ingreso de una masa de aire fr\u00edo genera condiciones excepcionales en algunas \u00e1reas del sudoeste y centro bonaerense. Qu\u00e9<\/p>\n","protected":false},"author":4,"featured_media":175063,"comment_status":"closed","ping_status":"closed","sticky":false,"template":"","format":"standard","meta":{"_jetpack_memberships_contains_paid_content":false,"footnotes":""},"categories":[5,1],"tags":[],"class_list":["post-175359","post","type-post","status-publish","format-standard","has-post-thumbnail","hentry","category-informacion-general","category-portada"],"jetpack_featured_media_url":"https:\/\/i0.wp.com\/cdnoticias.com\/wp-content\/uploads\/2025\/06\/frio-invierno-05-1.jpg?fit=1000%2C556&ssl=1","jetpack_sharing_enabled":true,"_links":{"self":[{"href":"https:\/\/cdnoticias.com\/index.php\/wp-json\/wp\/v2\/posts\/175359","targetHints":{"allow":["GET"]}}],"collection":[{"href":"https:\/\/cdnoticias.com\/index.php\/wp-json\/wp\/v2\/posts"}],"about":[{"href":"https:\/\/cdnoticias.com\/index.php\/wp-json\/wp\/v2\/types\/post"}],"author":[{"embeddable":true,"href":"https:\/\/cdnoticias.com\/index.php\/wp-json\/wp\/v2\/users\/4"}],"replies":[{"embeddable":true,"href":"https:\/\/cdnoticias.com\/index.php\/wp-json\/wp\/v2\/comments?post=175359"}],"version-history":[{"count":0,"href":"https:\/\/cdnoticias.com\/index.php\/wp-json\/wp\/v2\/posts\/175359\/revisions"}],"wp:featuredmedia":[{"embeddable":true,"href":"https:\/\/cdnoticias.com\/index.php\/wp-json\/wp\/v2\/media\/175063"}],"wp:attachment":[{"href":"https:\/\/cdnoticias.com\/index.php\/wp-json\/wp\/v2\/media?parent=175359"}],"wp:term":[{"taxonomy":"category","embeddable":true,"href":"https:\/\/cdnoticias.com\/index.php\/wp-json\/wp\/v2\/categories?post=175359"},{"taxonomy":"post_tag","embeddable":true,"href":"https:\/\/cdnoticias.com\/index.php\/wp-json\/wp\/v2\/tags?post=175359"}],"curies":[{"name":"wp","href":"https:\/\/api.w.org\/{rel}","templated":true}]}}