{"id":175356,"date":"2025-06-27T16:07:23","date_gmt":"2025-06-27T19:07:23","guid":{"rendered":"https:\/\/cdnoticias.com\/?p=175356"},"modified":"2025-06-27T16:07:25","modified_gmt":"2025-06-27T19:07:25","slug":"la-juventud-radical-lleva-adelante-una-colecta-solidaria","status":"publish","type":"post","link":"https:\/\/cdnoticias.com\/index.php\/2025\/06\/27\/la-juventud-radical-lleva-adelante-una-colecta-solidaria\/","title":{"rendered":"La Juventud Radical lleva adelante una Colecta Solidaria"},"content":{"rendered":"\n<p>Es para colaborar con el merendero del Club El Fort\u00edn. Reciben leche larga vida y en polvo, mermelada, dulce de leche, az\u00facar y cacao.<\/p>\n\n\n\n<hr class=\"wp-block-separator has-alpha-channel-opacity\"\/>\n\n\n\n<p>La<strong> Juventud Radical de Olavarr\u00eda<\/strong> lleva adelante una <strong>Colecta Solidaria para colaborar con el merendero del Club El Fort\u00edn.<\/strong><\/p>\n\n\n\n<p><\/p>\n\n\n\n<p>Reciben<strong> leche larga vida, leche en polvo, mermelada, dulce de leche, az\u00facar y cacao.<\/strong><\/p>\n\n\n\n<p><\/p>\n\n\n\n<p>Las personas interesadas en ayudar, pueden <strong>acercar sus donaciones al Comit\u00e9 Radical, ubicado en 25 de Mayo 2758<\/strong>, de lunes a viernes de 9.30 a 12.30 y de 17 a 20 horas. Tambi\u00e9n pueden comunicarse a trav\u00e9s del n\u00famero 2284 &#8211; 381983.<\/p>\n\n\n\n<p><\/p>\n\n\n\n<p>Nahuel Gonz\u00e1lez, presidente de la JR, destac\u00f3 que \u201clos clubes son lugares sumamente importantes para la ciudad, donde adem\u00e1s de las pr\u00e1cticas deportivas, <strong>contienen y brindan un apoyo a los m\u00e1s chicos.<\/strong> Por eso decidimos colaborar con el merendero del Club El Fort\u00edn. Toda ayuda suma\u201d.<\/p>\n","protected":false},"excerpt":{"rendered":"<p>Es para colaborar con el merendero del Club El Fort\u00edn. Reciben leche larga vida y en polvo, mermelada, dulce de<\/p>\n","protected":false},"author":5,"featured_media":175358,"comment_status":"closed","ping_status":"closed","sticky":false,"template":"","format":"standard","meta":{"_jetpack_memberships_contains_paid_content":false,"footnotes":""},"categories":[4,1],"tags":[],"class_list":["post-175356","post","type-post","status-publish","format-standard","has-post-thumbnail","hentry","category-politica","category-portada"],"jetpack_featured_media_url":"https:\/\/i0.wp.com\/cdnoticias.com\/wp-content\/uploads\/2025\/06\/colecta-juventud-radical.png?fit=800%2C445&ssl=1","jetpack_sharing_enabled":true,"_links":{"self":[{"href":"https:\/\/cdnoticias.com\/index.php\/wp-json\/wp\/v2\/posts\/175356","targetHints":{"allow":["GET"]}}],"collection":[{"href":"https:\/\/cdnoticias.com\/index.php\/wp-json\/wp\/v2\/posts"}],"about":[{"href":"https:\/\/cdnoticias.com\/index.php\/wp-json\/wp\/v2\/types\/post"}],"author":[{"embeddable":true,"href":"https:\/\/cdnoticias.com\/index.php\/wp-json\/wp\/v2\/users\/5"}],"replies":[{"embeddable":true,"href":"https:\/\/cdnoticias.com\/index.php\/wp-json\/wp\/v2\/comments?post=175356"}],"version-history":[{"count":0,"href":"https:\/\/cdnoticias.com\/index.php\/wp-json\/wp\/v2\/posts\/175356\/revisions"}],"wp:featuredmedia":[{"embeddable":true,"href":"https:\/\/cdnoticias.com\/index.php\/wp-json\/wp\/v2\/media\/175358"}],"wp:attachment":[{"href":"https:\/\/cdnoticias.com\/index.php\/wp-json\/wp\/v2\/media?parent=175356"}],"wp:term":[{"taxonomy":"category","embeddable":true,"href":"https:\/\/cdnoticias.com\/index.php\/wp-json\/wp\/v2\/categories?post=175356"},{"taxonomy":"post_tag","embeddable":true,"href":"https:\/\/cdnoticias.com\/index.php\/wp-json\/wp\/v2\/tags?post=175356"}],"curies":[{"name":"wp","href":"https:\/\/api.w.org\/{rel}","templated":true}]}}