{"id":175352,"date":"2025-06-27T10:33:53","date_gmt":"2025-06-27T13:33:53","guid":{"rendered":"https:\/\/cdnoticias.com\/?p=175352"},"modified":"2025-06-27T10:34:49","modified_gmt":"2025-06-27T13:34:49","slug":"este-viernes-corte-parcial-en-la-circulacion-sobre-avenida-pringles-y-alvaro-barros","status":"publish","type":"post","link":"https:\/\/cdnoticias.com\/index.php\/2025\/06\/27\/este-viernes-corte-parcial-en-la-circulacion-sobre-avenida-pringles-y-alvaro-barros\/","title":{"rendered":"Este viernes, corte parcial en la circulaci\u00f3n sobre avenida Pringles y \u00c1lvaro Barros"},"content":{"rendered":"<p>En ese sector trabaja personal de Obras Sanitarias de Coopelectric. Desde la Subsecretar\u00eda de Protecci\u00f3n Ciudadana se despliegan tareas preventivas. Se solicit\u00f3 precauci\u00f3n y colaboraci\u00f3n a conductores.<!--more--><\/p>\n<hr \/>\n<p>El Municipio de Olavarr\u00eda inform\u00f3 que <strong>personal de Obras Sanitarias de Coopelectric<\/strong> lleva a cabo t<strong>rabajos sobre avenida Pringles, a la altura del cruce con \u00c1lvaro Barros.<\/strong><\/p>\n<blockquote><p>En ese sentido se dispuso un corte parcial de tr\u00e1nsito por lo que se encuentra reducida la circulaci\u00f3n en la mano con sentido hacia avenida Del Valle.<\/p><\/blockquote>\n<p>Desde la<strong> Subsecretar\u00eda de Protecci\u00f3n Ciudadana<\/strong> se despliegan <strong>tareas preventivas<\/strong> y se enfatiz\u00f3 la necesidad de<strong> colaboraci\u00f3n y precauci\u00f3n<\/strong> de las personas que deban circular por las inmediaciones.<\/p>\n<p>Se estim\u00f3 que <strong>los trabajos se prolongar\u00e1n aproximadamente hasta las 11 horas.<\/strong><\/p>\n","protected":false},"excerpt":{"rendered":"<p>En ese sector trabaja personal de Obras Sanitarias de Coopelectric. Desde la Subsecretar\u00eda de Protecci\u00f3n Ciudadana se despliegan tareas preventivas.<\/p>\n","protected":false},"author":4,"featured_media":175353,"comment_status":"closed","ping_status":"closed","sticky":false,"template":"","format":"standard","meta":{"_jetpack_memberships_contains_paid_content":false,"footnotes":""},"categories":[5,1],"tags":[],"class_list":["post-175352","post","type-post","status-publish","format-standard","has-post-thumbnail","hentry","category-informacion-general","category-portada"],"jetpack_featured_media_url":"https:\/\/i0.wp.com\/cdnoticias.com\/wp-content\/uploads\/2025\/06\/pringles-y-alvaro-barros.jpg?fit=1000%2C556&ssl=1","jetpack_sharing_enabled":true,"_links":{"self":[{"href":"https:\/\/cdnoticias.com\/index.php\/wp-json\/wp\/v2\/posts\/175352","targetHints":{"allow":["GET"]}}],"collection":[{"href":"https:\/\/cdnoticias.com\/index.php\/wp-json\/wp\/v2\/posts"}],"about":[{"href":"https:\/\/cdnoticias.com\/index.php\/wp-json\/wp\/v2\/types\/post"}],"author":[{"embeddable":true,"href":"https:\/\/cdnoticias.com\/index.php\/wp-json\/wp\/v2\/users\/4"}],"replies":[{"embeddable":true,"href":"https:\/\/cdnoticias.com\/index.php\/wp-json\/wp\/v2\/comments?post=175352"}],"version-history":[{"count":0,"href":"https:\/\/cdnoticias.com\/index.php\/wp-json\/wp\/v2\/posts\/175352\/revisions"}],"wp:featuredmedia":[{"embeddable":true,"href":"https:\/\/cdnoticias.com\/index.php\/wp-json\/wp\/v2\/media\/175353"}],"wp:attachment":[{"href":"https:\/\/cdnoticias.com\/index.php\/wp-json\/wp\/v2\/media?parent=175352"}],"wp:term":[{"taxonomy":"category","embeddable":true,"href":"https:\/\/cdnoticias.com\/index.php\/wp-json\/wp\/v2\/categories?post=175352"},{"taxonomy":"post_tag","embeddable":true,"href":"https:\/\/cdnoticias.com\/index.php\/wp-json\/wp\/v2\/tags?post=175352"}],"curies":[{"name":"wp","href":"https:\/\/api.w.org\/{rel}","templated":true}]}}