{"id":175349,"date":"2025-06-27T08:34:23","date_gmt":"2025-06-27T11:34:23","guid":{"rendered":"https:\/\/cdnoticias.com\/?p=175349"},"modified":"2025-06-27T12:12:15","modified_gmt":"2025-06-27T15:12:15","slug":"wesner-anuncio-que-este-sabado-se-pagaran-sueldos-y-aguinaldos-de-municipales","status":"publish","type":"post","link":"https:\/\/cdnoticias.com\/index.php\/2025\/06\/27\/wesner-anuncio-que-este-sabado-se-pagaran-sueldos-y-aguinaldos-de-municipales\/","title":{"rendered":"Wesner anunci\u00f3 que este s\u00e1bado se pagar\u00e1n sueldos y aguinaldos de municipales"},"content":{"rendered":"<p>\u201cAnte los intentos de desinformar a los trabajadores, nos vemos en la obligaci\u00f3n de aclarar esta decisi\u00f3n\u201d expres\u00f3 el intendente en una nota a los trabajadores. Adem\u00e1s, indic\u00f3 que \u201cse est\u00e1 avanzando en un plan progresivo de reparaci\u00f3n\u201d.<!--more--><\/p>\n<hr \/>\n<p><strong>En las \u00faltimas horas el intendente Maximiliano Wesner<\/strong> envi\u00f3 <strong>una nota a los empleados municipales<\/strong> en la que anunci\u00f3 que <strong>este s\u00e1bado se pagar\u00e1n los sueldos y aguinaldos<\/strong>. All\u00ed reiter\u00f3 la \u201ccrisis econ\u00f3mica\u201d que afecta al distrito y <em>enfatiz\u00f3 el \u201ccumplimiento\u201d de los compromisos del Ejecutivo<\/em> en ese contexto.<\/p>\n<p>Asimismo, explic\u00f3 que la decisi\u00f3n de informar la realizaci\u00f3n de los pagos se bas\u00f3 en<strong> \u201cintentos de desinformar a los trabajadores\u201d<\/strong>. Con ello asegur\u00f3 que <strong>\u201ccircularon noticias falsas que atentan en la relaci\u00f3n con los trabajadores\u201d<\/strong>.<\/p>\n<blockquote><p>En el comunicado firmado por Wesner y que recibieron los trabajadores en forma personal se informa que \u201cel viernes 27 se depositar\u00e1 el sueldo del mes de junio y el medio aguinaldo, los mismos se encontrar\u00e1n acreditados el s\u00e1bado 28\u201d.<\/p><\/blockquote>\n<p>El jefe comunal a\u00f1adi\u00f3 que <strong>\u201cla decisi\u00f3n de parar la obra p\u00fablica nacional, el endeudamiento y la apertura comercial generan un escenario de crisis econ\u00f3mica<\/strong> que impacta en nuestra ciudad con <strong>nuevos despidos<\/strong> y en los <strong>ingresos de las arcas municipales que contin\u00faan a la baja sostenidamente desde hace 18 meses<\/strong>, el Municipio con mucho esfuerzo cumple en tiempo y forma con el pago de los sueldos\u201d. Asimismo, sostuvo que<strong> \u201caunque sea un a\u00f1o electoral esta gesti\u00f3n municipal no especula<\/strong> ni se compromete con erogaciones que pondr\u00edan en riesgo el pago de los salarios\u201d.<\/p>\n<p>Defini\u00f3 que mantiene<strong> \u201cuna administraci\u00f3n ordenada, que prioriza a los trabajadores y el saneamiento econ\u00f3mico\u201d<\/strong> y que \u201cse est\u00e1 avanzando en un <strong>plan progresivo de reparaci\u00f3n<\/strong> sin discrecionalidades que incluye recategorizaciones y pases a planta teniendo en cuenta el atraso y la antig\u00fcedad de cada trabajador\u201d. En ese punto, Wesner resalt\u00f3 que registran trabajadores que cumplen tareas desde hace 15 a\u00f1os en planta transitoria.<\/p>\n","protected":false},"excerpt":{"rendered":"<p>\u201cAnte los intentos de desinformar a los trabajadores, nos vemos en la obligaci\u00f3n de aclarar esta decisi\u00f3n\u201d expres\u00f3 el intendente<\/p>\n","protected":false},"author":4,"featured_media":133148,"comment_status":"closed","ping_status":"closed","sticky":false,"template":"","format":"standard","meta":{"_jetpack_memberships_contains_paid_content":false,"footnotes":""},"categories":[4,1],"tags":[],"class_list":["post-175349","post","type-post","status-publish","format-standard","has-post-thumbnail","hentry","category-politica","category-portada"],"jetpack_featured_media_url":"https:\/\/i0.wp.com\/cdnoticias.com\/wp-content\/uploads\/2024\/12\/wesner-04.jpg?fit=800%2C445&ssl=1","jetpack_sharing_enabled":true,"_links":{"self":[{"href":"https:\/\/cdnoticias.com\/index.php\/wp-json\/wp\/v2\/posts\/175349","targetHints":{"allow":["GET"]}}],"collection":[{"href":"https:\/\/cdnoticias.com\/index.php\/wp-json\/wp\/v2\/posts"}],"about":[{"href":"https:\/\/cdnoticias.com\/index.php\/wp-json\/wp\/v2\/types\/post"}],"author":[{"embeddable":true,"href":"https:\/\/cdnoticias.com\/index.php\/wp-json\/wp\/v2\/users\/4"}],"replies":[{"embeddable":true,"href":"https:\/\/cdnoticias.com\/index.php\/wp-json\/wp\/v2\/comments?post=175349"}],"version-history":[{"count":0,"href":"https:\/\/cdnoticias.com\/index.php\/wp-json\/wp\/v2\/posts\/175349\/revisions"}],"wp:featuredmedia":[{"embeddable":true,"href":"https:\/\/cdnoticias.com\/index.php\/wp-json\/wp\/v2\/media\/133148"}],"wp:attachment":[{"href":"https:\/\/cdnoticias.com\/index.php\/wp-json\/wp\/v2\/media?parent=175349"}],"wp:term":[{"taxonomy":"category","embeddable":true,"href":"https:\/\/cdnoticias.com\/index.php\/wp-json\/wp\/v2\/categories?post=175349"},{"taxonomy":"post_tag","embeddable":true,"href":"https:\/\/cdnoticias.com\/index.php\/wp-json\/wp\/v2\/tags?post=175349"}],"curies":[{"name":"wp","href":"https:\/\/api.w.org\/{rel}","templated":true}]}}