{"id":175338,"date":"2025-06-26T19:26:28","date_gmt":"2025-06-26T22:26:28","guid":{"rendered":"https:\/\/cdnoticias.com\/?p=175338"},"modified":"2025-06-27T07:43:14","modified_gmt":"2025-06-27T10:43:14","slug":"stella-maris-amadeo-de-de-la-calle-q-e-p-d","status":"publish","type":"post","link":"https:\/\/cdnoticias.com\/index.php\/2025\/06\/26\/stella-maris-amadeo-de-de-la-calle-q-e-p-d\/","title":{"rendered":"Stella Maris Amadeo de de la Calle (Q.E.P.D.)"},"content":{"rendered":"\n<hr class=\"wp-block-separator aligncenter has-alpha-channel-opacity\"\/>\n\n\n\n<p>Falleci\u00f3 en CABA el 25 de junio de 2025 a los 76 a\u00f1os. Su esposo Arnaldo Manuel de la Calle. Sus hijos Andr\u00e9s, Enrique y Gerardo de la Calle. Sus hijas pol\u00edticas, nietos y dem\u00e1s deudos participan su fallecimiento.<\/p>\n\n\n\n<p>Sus restos ser\u00e1n velados este viernes 27 de 10 a 13 en la Sala de Espa\u00f1a 2942 departamento \u201cD\u201d y cremados en el Crematorio Pinos de Paz en d\u00eda y horario a confirmar. Servicio adherido a Coopelectric.<\/p>\n\n\n\n<p>Nacida en Loma Negra, vecina de barrio Mariano Moreno, docente jubilada.<\/p>\n","protected":false},"excerpt":{"rendered":"<p>Falleci\u00f3 en CABA el 25 de junio de 2025 a los 76 a\u00f1os. Su esposo Arnaldo Manuel de la Calle.<\/p>\n","protected":false},"author":2,"featured_media":100390,"comment_status":"closed","ping_status":"closed","sticky":false,"template":"","format":"standard","meta":{"_jetpack_memberships_contains_paid_content":false,"footnotes":""},"categories":[10],"tags":[],"class_list":["post-175338","post","type-post","status-publish","format-standard","has-post-thumbnail","hentry","category-necrologicas"],"jetpack_featured_media_url":"https:\/\/i0.wp.com\/cdnoticias.com\/wp-content\/uploads\/2023\/10\/necrologicas-390-x-240.jpg?fit=390%2C240&ssl=1","jetpack_sharing_enabled":true,"_links":{"self":[{"href":"https:\/\/cdnoticias.com\/index.php\/wp-json\/wp\/v2\/posts\/175338","targetHints":{"allow":["GET"]}}],"collection":[{"href":"https:\/\/cdnoticias.com\/index.php\/wp-json\/wp\/v2\/posts"}],"about":[{"href":"https:\/\/cdnoticias.com\/index.php\/wp-json\/wp\/v2\/types\/post"}],"author":[{"embeddable":true,"href":"https:\/\/cdnoticias.com\/index.php\/wp-json\/wp\/v2\/users\/2"}],"replies":[{"embeddable":true,"href":"https:\/\/cdnoticias.com\/index.php\/wp-json\/wp\/v2\/comments?post=175338"}],"version-history":[{"count":0,"href":"https:\/\/cdnoticias.com\/index.php\/wp-json\/wp\/v2\/posts\/175338\/revisions"}],"wp:featuredmedia":[{"embeddable":true,"href":"https:\/\/cdnoticias.com\/index.php\/wp-json\/wp\/v2\/media\/100390"}],"wp:attachment":[{"href":"https:\/\/cdnoticias.com\/index.php\/wp-json\/wp\/v2\/media?parent=175338"}],"wp:term":[{"taxonomy":"category","embeddable":true,"href":"https:\/\/cdnoticias.com\/index.php\/wp-json\/wp\/v2\/categories?post=175338"},{"taxonomy":"post_tag","embeddable":true,"href":"https:\/\/cdnoticias.com\/index.php\/wp-json\/wp\/v2\/tags?post=175338"}],"curies":[{"name":"wp","href":"https:\/\/api.w.org\/{rel}","templated":true}]}}