{"id":175333,"date":"2025-06-26T19:23:45","date_gmt":"2025-06-26T22:23:45","guid":{"rendered":"https:\/\/cdnoticias.com\/?p=175333"},"modified":"2025-06-26T19:23:47","modified_gmt":"2025-06-26T22:23:47","slug":"ocho-vacas-murieron-tras-ser-embestidas-por-un-camion-en-una-curva-de-la-ruta-47","status":"publish","type":"post","link":"https:\/\/cdnoticias.com\/index.php\/2025\/06\/26\/ocho-vacas-murieron-tras-ser-embestidas-por-un-camion-en-una-curva-de-la-ruta-47\/","title":{"rendered":"Ocho vacas murieron tras ser embestidas por un cami\u00f3n en una curva de la Ruta 47"},"content":{"rendered":"\n<p>El cami\u00f3n se dirig\u00eda a Olavarr\u00eda. Fue en la madrugada de este jueves, en una curva pronunciada del trazado vial en sentido Luj\u00e1n-Navarro.<\/p>\n\n\n\n<hr class=\"wp-block-separator aligncenter has-alpha-channel-opacity\"\/>\n\n\n\n<p>Un incidente vial de alto riesgo se registr\u00f3 durante la madrugada de este mi\u00e9rcoles en la <strong>Ruta Provincial 47, cuando un cami\u00f3n embisti\u00f3 a un grupo de vacas que se encontraba sobre la calzada. El hecho ocurri\u00f3 cerca de las 4:30, a la altura del kil\u00f3metro 10, en una curva pronunciada de dicho trazado vial.<\/strong><\/p>\n\n\n\n<blockquote class=\"wp-block-quote is-layout-flow wp-block-quote-is-layout-flow\">\n<p>El transporte involucrado, un cami\u00f3n Scania perteneciente a una empresa hormigonera, circulaba vac\u00edo en direcci\u00f3n Luj\u00e1n\u2013Navarro y ten\u00eda como destino final la ciudad de Olavarr\u00eda, donde deb\u00eda cargar cemento antes de regresar a su base operativa en Tortuguitas.<\/p>\n<\/blockquote>\n\n\n\n<p>De acuerdo con la<strong> reconstrucci\u00f3n publicada por el medio El Civismo de Luj\u00e1n<\/strong>, al tomar una curva <strong>el conductor se encontr\u00f3 de manera repentina con un grupo de aproximadamente 25 vaquillonas Aberdeen Angus que hab\u00edan escapado de un campo cercano. Todo indica que los animales se desplazaron libremente hasta la ruta luego de atravesar un alambrado que, por causas a\u00fan no precisadas, estaba cortado.<\/strong><\/p>\n\n\n\n<p>La colisi\u00f3n fue inevitable. Ocho de las vacas murieron en el acto producto del fuerte impacto. <strong>A pesar de la violencia del siniestro, el chofer del cami\u00f3n result\u00f3 ileso. <\/strong>Sin embargo, el veh\u00edculo sufri\u00f3 importantes da\u00f1os, sobre todo en el sector de la cabina, seg\u00fan detallaron desde la misma empresa a la que pertenece el rodado.<\/p>\n\n\n\n<p>Horas despu\u00e9s del choque,<strong> baqueanos de la zona se acercaron al lugar y procedieron a faenar los animales muertos. Para media ma\u00f1ana, sobre la banquina y el camino de ingreso a una escuela rural cercana, solo quedaban las v\u00edsceras, como muestra del episodio ocurrido.<\/strong><\/p>\n\n\n\n<p>Finalmente,<strong> los animales que lograron sobrevivir fueron regresados al establecimiento rural del que hab\u00edan escapado, seg\u00fan se indic\u00f3.<\/strong><\/p>\n","protected":false},"excerpt":{"rendered":"<p>El cami\u00f3n se dirig\u00eda a Olavarr\u00eda. Fue en la madrugada de este jueves, en una curva pronunciada del trazado vial<\/p>\n","protected":false},"author":2,"featured_media":175334,"comment_status":"closed","ping_status":"closed","sticky":false,"template":"","format":"standard","meta":{"_jetpack_memberships_contains_paid_content":false,"footnotes":""},"categories":[6,1],"tags":[],"class_list":["post-175333","post","type-post","status-publish","format-standard","has-post-thumbnail","hentry","category-nacionales","category-portada"],"jetpack_featured_media_url":"https:\/\/i0.wp.com\/cdnoticias.com\/wp-content\/uploads\/2025\/06\/Camion-Ruta-47.jpg?fit=1200%2C675&ssl=1","jetpack_sharing_enabled":true,"_links":{"self":[{"href":"https:\/\/cdnoticias.com\/index.php\/wp-json\/wp\/v2\/posts\/175333","targetHints":{"allow":["GET"]}}],"collection":[{"href":"https:\/\/cdnoticias.com\/index.php\/wp-json\/wp\/v2\/posts"}],"about":[{"href":"https:\/\/cdnoticias.com\/index.php\/wp-json\/wp\/v2\/types\/post"}],"author":[{"embeddable":true,"href":"https:\/\/cdnoticias.com\/index.php\/wp-json\/wp\/v2\/users\/2"}],"replies":[{"embeddable":true,"href":"https:\/\/cdnoticias.com\/index.php\/wp-json\/wp\/v2\/comments?post=175333"}],"version-history":[{"count":0,"href":"https:\/\/cdnoticias.com\/index.php\/wp-json\/wp\/v2\/posts\/175333\/revisions"}],"wp:featuredmedia":[{"embeddable":true,"href":"https:\/\/cdnoticias.com\/index.php\/wp-json\/wp\/v2\/media\/175334"}],"wp:attachment":[{"href":"https:\/\/cdnoticias.com\/index.php\/wp-json\/wp\/v2\/media?parent=175333"}],"wp:term":[{"taxonomy":"category","embeddable":true,"href":"https:\/\/cdnoticias.com\/index.php\/wp-json\/wp\/v2\/categories?post=175333"},{"taxonomy":"post_tag","embeddable":true,"href":"https:\/\/cdnoticias.com\/index.php\/wp-json\/wp\/v2\/tags?post=175333"}],"curies":[{"name":"wp","href":"https:\/\/api.w.org\/{rel}","templated":true}]}}