{"id":175307,"date":"2025-06-26T18:31:36","date_gmt":"2025-06-26T21:31:36","guid":{"rendered":"https:\/\/cdnoticias.com\/?p=175307"},"modified":"2025-06-26T18:31:38","modified_gmt":"2025-06-26T21:31:38","slug":"tea-se-aprobo-una-ley-que-garantiza-el-uso-de-criptogramas","status":"publish","type":"post","link":"https:\/\/cdnoticias.com\/index.php\/2025\/06\/26\/tea-se-aprobo-una-ley-que-garantiza-el-uso-de-criptogramas\/","title":{"rendered":"TEA: se aprob\u00f3 una ley que garantiza el uso de criptogramas"},"content":{"rendered":"\n<p>La ley fue aprobada por el Senado bonaerense. La normativa busca facilitar la comunicaci\u00f3n y ubicaci\u00f3n de las personas con Trastorno del Espectro Autista. <\/p>\n\n\n\n<hr class=\"wp-block-separator aligncenter has-alpha-channel-opacity\"\/>\n\n\n\n<p>El<strong> Senado de la provincia de Buenos Aires aprob\u00f3 el proyecto de ley<\/strong> presentado por el diputado Diego Garciarena que promueve distintas medidas que buscan <strong>facilitar el desarrollo de la vida cotidiana de las personas con Trastorno del Especto Autista (TEA)<\/strong>, cuya percepci\u00f3n y contacto con el medio y otras personas presentan necesidades que requieren soportes o facilidades.<\/p>\n\n\n\n<p><\/p>\n\n\n\n<p>La iniciativa garantiza derechos esenciales para las personas con TEA y, con la adhesi\u00f3n a la Ley Nacional 27.043, <strong>la Provincia deber\u00e1 implementar pol\u00edticas concretas para mejorar la calidad de vida de las personas con esta condici\u00f3n y sus familias.<\/strong> Adem\u00e1s, <strong>las obras sociales y prepagas tendr\u00e1n 120 d\u00edas para incluir las prestaciones que la ley asegura.<\/strong><\/p>\n\n\n\n<p><\/p>\n\n\n\n<blockquote class=\"wp-block-quote is-layout-flow wp-block-quote-is-layout-flow\">\n<p>Otro punto importante de la iniciativa refrendada por el Senado provincial es la creaci\u00f3n de un registro oficial de criptogramas para facilitar la comunicaci\u00f3n y ubicaci\u00f3n de personas con TEA, evitando la proliferaci\u00f3n de diversos dise\u00f1os o modelos que perturben el objetivo de la ley.<\/p>\n<\/blockquote>\n\n\n\n<p><\/p>\n\n\n\n<p>Tambi\u00e9n,<strong> se deber\u00e1 identificar con pictogramas oficiales todas las dependencias p\u00fablicas de la provincia, <\/strong>y<strong> lo mismo deber\u00e1n hacer las instituciones privadas que cuentan con atenci\u00f3n al p\u00fablico, <\/strong>logrando que una persona con trastorno del espectro autista pueda identificar f\u00e1cilmente d\u00f3nde se encuentra.<\/p>\n\n\n\n<p><\/p>\n\n\n\n<p>\u201cOrgullo, emoci\u00f3n y responsabilidad con quienes lo necesitan\u201d, indic\u00f3 el presidente del bloque UCR + Cambio Federal tras la aprobaci\u00f3n del proyecto. <strong><em>\u201cA trav\u00e9s de esta ley pretendo otorgar a las personas con TEA una herramienta que los ayude en su tratamiento para lograr as\u00ed una sociedad m\u00e1s justa e igualitaria\u201d,<\/em><\/strong> concluy\u00f3 el legislador radical.\u00a0<\/p>\n\n\n\n<p><\/p>\n\n\n\n<p><em>Fuente: DIB<\/em><\/p>\n","protected":false},"excerpt":{"rendered":"<p>La ley fue aprobada por el Senado bonaerense. La normativa busca facilitar la comunicaci\u00f3n y ubicaci\u00f3n de las personas con<\/p>\n","protected":false},"author":6,"featured_media":175309,"comment_status":"closed","ping_status":"closed","sticky":false,"template":"","format":"standard","meta":{"_jetpack_memberships_contains_paid_content":false,"footnotes":""},"categories":[6,1],"tags":[],"class_list":["post-175307","post","type-post","status-publish","format-standard","has-post-thumbnail","hentry","category-nacionales","category-portada"],"jetpack_featured_media_url":"https:\/\/i0.wp.com\/cdnoticias.com\/wp-content\/uploads\/2025\/06\/pictogramas-TEA-696x294-1.jpg?fit=696%2C294&ssl=1","jetpack_sharing_enabled":true,"_links":{"self":[{"href":"https:\/\/cdnoticias.com\/index.php\/wp-json\/wp\/v2\/posts\/175307","targetHints":{"allow":["GET"]}}],"collection":[{"href":"https:\/\/cdnoticias.com\/index.php\/wp-json\/wp\/v2\/posts"}],"about":[{"href":"https:\/\/cdnoticias.com\/index.php\/wp-json\/wp\/v2\/types\/post"}],"author":[{"embeddable":true,"href":"https:\/\/cdnoticias.com\/index.php\/wp-json\/wp\/v2\/users\/6"}],"replies":[{"embeddable":true,"href":"https:\/\/cdnoticias.com\/index.php\/wp-json\/wp\/v2\/comments?post=175307"}],"version-history":[{"count":0,"href":"https:\/\/cdnoticias.com\/index.php\/wp-json\/wp\/v2\/posts\/175307\/revisions"}],"wp:featuredmedia":[{"embeddable":true,"href":"https:\/\/cdnoticias.com\/index.php\/wp-json\/wp\/v2\/media\/175309"}],"wp:attachment":[{"href":"https:\/\/cdnoticias.com\/index.php\/wp-json\/wp\/v2\/media?parent=175307"}],"wp:term":[{"taxonomy":"category","embeddable":true,"href":"https:\/\/cdnoticias.com\/index.php\/wp-json\/wp\/v2\/categories?post=175307"},{"taxonomy":"post_tag","embeddable":true,"href":"https:\/\/cdnoticias.com\/index.php\/wp-json\/wp\/v2\/tags?post=175307"}],"curies":[{"name":"wp","href":"https:\/\/api.w.org\/{rel}","templated":true}]}}