{"id":175301,"date":"2025-06-26T18:02:54","date_gmt":"2025-06-26T21:02:54","guid":{"rendered":"https:\/\/cdnoticias.com\/?p=175301"},"modified":"2025-06-26T18:02:56","modified_gmt":"2025-06-26T21:02:56","slug":"primera-demarcacion-con-el-nuevo-simbolo-internacional-de-accesibilidad","status":"publish","type":"post","link":"https:\/\/cdnoticias.com\/index.php\/2025\/06\/26\/primera-demarcacion-con-el-nuevo-simbolo-internacional-de-accesibilidad\/","title":{"rendered":"Primera demarcaci\u00f3n con el nuevo s\u00edmbolo internacional de accesibilidad"},"content":{"rendered":"\n<p>Se trat\u00f3 de la delimitaci\u00f3n de un sector de estacionamiento exclusivo para personas con discapacidad en el barrio San Vicente, que hab\u00eda sido solicitado por vecinos del lugar.<\/p>\n\n\n\n<hr class=\"wp-block-separator aligncenter has-alpha-channel-opacity\"\/>\n\n\n\n<p>A partir del trabajo articulado de distintas \u00e1reas de gobierno <strong>se llev\u00f3 adelante la primera demarcaci\u00f3n con el nuevo s\u00edmbolo internacional de accesibilidad<\/strong>. Se trat\u00f3 de la delimitaci\u00f3n de un <strong>sector de estacionamiento exclusivo para personas con discapacidad en el barrio San Vicente,<\/strong> que hab\u00eda sido solicitado por vecinos del lugar.<\/p>\n\n\n\n<p><\/p>\n\n\n\n<p>La tarea fue llevada a cabo sobre Rivadavia al 1700 por personal de la Subsecretar\u00eda de Protecci\u00f3n Ciudadana, pero cont\u00f3 con la presencia tambi\u00e9n de la subsecretar\u00eda de Desarrollo Social Mar\u00eda Jos\u00e9 Maidana y la coordinadora de la Direcci\u00f3n de Discapacidad Yamila Castro, adem\u00e1s del concejal Agust\u00edn Romero.<\/p>\n\n\n\n<p><\/p>\n\n\n\n<p>\u00a0Se recuerda que el Municipio de Olavarr\u00eda, mediante la Ordenanza 5548\/25, adhiri\u00f3 a la Ley Provincial 15.427, sancionada en el a\u00f1o 2023 y referida precisamente a la<strong> adopci\u00f3n del nuevo S\u00edmbolo Internacional de Accesibilidad <\/strong>(SIA) <strong>dise\u00f1ado por la ONU en 2015.<\/strong><\/p>\n\n\n\n<p><\/p>\n\n\n\n<p>El primer y m\u00e1s reconocido s\u00edmbolo en torno a la discapacidad, que muestra el<strong> \u00edcono en blanco de una persona en silla de ruedas sobre fondo azul,<\/strong> pon\u00eda el foco fundamentalmente en las dificultades para las <strong>personas que utilizan sillas de ruedas. <\/strong>Este s\u00edmbolo mostraba a la persona de forma pasiva, con el foco en su discapacidad.<\/p>\n\n\n\n<p><\/p>\n\n\n\n<figure class=\"wp-block-image aligncenter size-full\"><img data-recalc-dims=\"1\" loading=\"lazy\" decoding=\"async\" width=\"800\" height=\"449\" src=\"https:\/\/i0.wp.com\/cdnoticias.com\/wp-content\/uploads\/2025\/06\/nuevosimbolointernacional1-2.png?resize=800%2C449&#038;ssl=1\" alt=\"\" class=\"wp-image-175304\" srcset=\"https:\/\/i0.wp.com\/cdnoticias.com\/wp-content\/uploads\/2025\/06\/nuevosimbolointernacional1-2.png?w=876&amp;ssl=1 876w, https:\/\/i0.wp.com\/cdnoticias.com\/wp-content\/uploads\/2025\/06\/nuevosimbolointernacional1-2.png?resize=300%2C168&amp;ssl=1 300w, https:\/\/i0.wp.com\/cdnoticias.com\/wp-content\/uploads\/2025\/06\/nuevosimbolointernacional1-2.png?resize=768%2C431&amp;ssl=1 768w\" sizes=\"auto, (max-width: 800px) 100vw, 800px\" \/><\/figure>\n\n\n\n<p><\/p>\n\n\n\n<blockquote class=\"wp-block-quote is-layout-flow wp-block-quote-is-layout-flow\">\n<p>Con el correr de los a\u00f1os se lo fue modificando y fue por ello que se plante\u00f3 un s\u00edmbolo con el \u00e9nfasis en la persona y no en su discapacidad. A la par, tambi\u00e9n se traz\u00f3 como objetivo lograr representar de forma universal a todas las personas con discapacidad. En el nuevo s\u00edmbolo Internacional de Accesibilidad Universal se representa una persona con los brazos abiertos, como s\u00edmbolo de inclusi\u00f3n, tanto de las diferentes discapacidades como del alcance de la propia accesibilidad universal.<\/p>\n<\/blockquote>\n\n\n\n<p><\/p>\n\n\n\n<p>Con ello <strong>se promueve una mirada m\u00e1s inclusiva, representando a las personas con discapacidad como activas, aut\u00f3nomas y con plenos derechos. <\/strong>Una figura en movimiento que invita a construir una sociedad m\u00e1s accesible para todas y todos.<\/p>\n\n\n\n<p><\/p>\n\n\n\n<p>Se recuerda que aquellas personas interesadas en solicitar espacios exclusivos para personas con discapacidad pueden hacerlo mediante una nota que deber\u00e1 ser presentada en mesa de entrada del Palacio Belgrano, de lunes a viernes de 7 a 13 horas.<\/p>\n\n\n\n<p><\/p>\n\n\n\n<figure class=\"wp-block-image aligncenter size-full\"><img data-recalc-dims=\"1\" loading=\"lazy\" decoding=\"async\" width=\"800\" height=\"447\" src=\"https:\/\/i0.wp.com\/cdnoticias.com\/wp-content\/uploads\/2025\/06\/nuevosimbolointernacional1-1.png?resize=800%2C447&#038;ssl=1\" alt=\"\" class=\"wp-image-175303\" srcset=\"https:\/\/i0.wp.com\/cdnoticias.com\/wp-content\/uploads\/2025\/06\/nuevosimbolointernacional1-1.png?w=888&amp;ssl=1 888w, https:\/\/i0.wp.com\/cdnoticias.com\/wp-content\/uploads\/2025\/06\/nuevosimbolointernacional1-1.png?resize=300%2C168&amp;ssl=1 300w, https:\/\/i0.wp.com\/cdnoticias.com\/wp-content\/uploads\/2025\/06\/nuevosimbolointernacional1-1.png?resize=768%2C429&amp;ssl=1 768w\" sizes=\"auto, (max-width: 800px) 100vw, 800px\" \/><\/figure>\n\n\n\n<p><\/p>\n\n\n\n<blockquote class=\"wp-block-quote is-layout-flow wp-block-quote-is-layout-flow\">\n<p>En el escrito se deber\u00e1, precisamente, solicitar la demarcaci\u00f3n y deber\u00e1 estar dirigida al intendente municipal Maximiliano Wesner. Se deber\u00e1 adjuntar adem\u00e1s la copia del CUD, Certificado \u00danico de Discapacidad, copia de DNI con domicilio actualizado y copia de un servicio.<\/p>\n<\/blockquote>\n\n\n\n<p><\/p>\n\n\n\n<p>La modalidad descripta corresponde a <strong>sitios que se demarcar\u00e1n por primera vez<\/strong>. Para solicitar la repintada se deber\u00e1n comunicar con la Direcci\u00f3n de Discapacidad, pudi\u00e9ndolo hacer v\u00eda telef\u00f3nica al 428333, o WhatsApp al 2284 300138. Tambi\u00e9n se lo puede hacer a trav\u00e9s de un correo electr\u00f3nico a discapacidadypersonasmayores@olavarria.gov.ar o en Las Heras 5398, siempre en el horario de 7 a 13, de lunes a viernes.<\/p>\n\n\n\n<p><\/p>\n","protected":false},"excerpt":{"rendered":"<p>Se trat\u00f3 de la delimitaci\u00f3n de un sector de estacionamiento exclusivo para personas con discapacidad en el barrio San Vicente,<\/p>\n","protected":false},"author":6,"featured_media":175305,"comment_status":"closed","ping_status":"closed","sticky":false,"template":"","format":"standard","meta":{"_jetpack_memberships_contains_paid_content":false,"footnotes":""},"categories":[5,1],"tags":[],"class_list":["post-175301","post","type-post","status-publish","format-standard","has-post-thumbnail","hentry","category-informacion-general","category-portada"],"jetpack_featured_media_url":"https:\/\/i0.wp.com\/cdnoticias.com\/wp-content\/uploads\/2025\/06\/nuevosimbolointernacional1-3.jpg?fit=900%2C541&ssl=1","jetpack_sharing_enabled":true,"_links":{"self":[{"href":"https:\/\/cdnoticias.com\/index.php\/wp-json\/wp\/v2\/posts\/175301","targetHints":{"allow":["GET"]}}],"collection":[{"href":"https:\/\/cdnoticias.com\/index.php\/wp-json\/wp\/v2\/posts"}],"about":[{"href":"https:\/\/cdnoticias.com\/index.php\/wp-json\/wp\/v2\/types\/post"}],"author":[{"embeddable":true,"href":"https:\/\/cdnoticias.com\/index.php\/wp-json\/wp\/v2\/users\/6"}],"replies":[{"embeddable":true,"href":"https:\/\/cdnoticias.com\/index.php\/wp-json\/wp\/v2\/comments?post=175301"}],"version-history":[{"count":0,"href":"https:\/\/cdnoticias.com\/index.php\/wp-json\/wp\/v2\/posts\/175301\/revisions"}],"wp:featuredmedia":[{"embeddable":true,"href":"https:\/\/cdnoticias.com\/index.php\/wp-json\/wp\/v2\/media\/175305"}],"wp:attachment":[{"href":"https:\/\/cdnoticias.com\/index.php\/wp-json\/wp\/v2\/media?parent=175301"}],"wp:term":[{"taxonomy":"category","embeddable":true,"href":"https:\/\/cdnoticias.com\/index.php\/wp-json\/wp\/v2\/categories?post=175301"},{"taxonomy":"post_tag","embeddable":true,"href":"https:\/\/cdnoticias.com\/index.php\/wp-json\/wp\/v2\/tags?post=175301"}],"curies":[{"name":"wp","href":"https:\/\/api.w.org\/{rel}","templated":true}]}}