{"id":175299,"date":"2025-06-27T07:59:46","date_gmt":"2025-06-27T10:59:46","guid":{"rendered":"https:\/\/cdnoticias.com\/?p=175299"},"modified":"2025-06-27T07:59:48","modified_gmt":"2025-06-27T10:59:48","slug":"cuotas-de-los-colegios-privados-nueva-suba-en-julio","status":"publish","type":"post","link":"https:\/\/cdnoticias.com\/index.php\/2025\/06\/27\/cuotas-de-los-colegios-privados-nueva-suba-en-julio\/","title":{"rendered":"Cuotas de los colegios privados, nueva suba en julio"},"content":{"rendered":"\n<p>Las escuelas bonaerenses que reciben aportes del Estado aplicar\u00e1n un nuevo ajuste del 4,2% en el valor de las cuotas.<\/p>\n\n\n\n<hr class=\"wp-block-separator aligncenter has-alpha-channel-opacity\"\/>\n\n\n\n<p>Los<strong> colegios privados <\/strong>que reciben subsidios estatales <strong>en la provincia de Buenos Aires<\/strong> completar\u00e1n<strong> desde julio la segunda parte del aumento en sus cuotas <\/strong>autorizado para este \u00faltimo bimestre. <strong>Ser\u00e1 del 4,2% y se suma al 6,5% de junio, que har\u00e1 trepar la cuota un 11% en total.<\/strong><\/p>\n\n\n\n<p><\/p>\n\n\n\n<p>La \u00faltima actualizaci\u00f3n dispuesta por la Direcci\u00f3n General de Escuelas y Cultura provincial hab\u00eda sido del 3% para el mes de abril. Seg\u00fan record\u00f3 la Asociaci\u00f3n de Institutos de Ense\u00f1anza Privada de la Provincia de Buenos Aires (Aiepba), el 11% de junio y julio \u201c<strong><em>coincide con la mejora que el Gobierno bonaerense adjudic\u00f3 a los docentes en el marco de la paritaria y que alcanza a los educadores que se desempe\u00f1an en el \u00e1mbito del sistema privado de ense\u00f1anza\u201d.<\/em><\/strong><\/p>\n\n\n\n<p><\/p>\n\n\n\n<blockquote class=\"wp-block-quote is-layout-flow wp-block-quote-is-layout-flow\">\n<p>En octubre del a\u00f1o pasado la Direcci\u00f3n General de Escuelas bonaerenses autoriz\u00f3 un incremento de las cuotas correspondiente al \u00faltimo mes de 2024. Fue del 3,8%, mientras que para la boleta que recibieron los padres de los alumnos en el primer mes del ciclo lectivo 2025 fue del 6%.<\/p>\n<\/blockquote>\n\n\n\n<p><\/p>\n\n\n\n<p>A trav\u00e9s de la comunicaci\u00f3n del \u00e1rea educativa provincial se fijaron los nuevos topes que tendr\u00e1n permitidos aplicar las instituciones que reciben ayuda estatal. Los nuevos valores que<strong> se aplicar\u00e1n en las boletas de establecimientos de los niveles inicial, primaria, secundaria, t\u00e9cnica y agraria y superior <\/strong>de la Provincia son los siguientes:<\/p>\n\n\n\n<p><\/p>\n\n\n\n<p><strong>Cuotas m\u00e1ximas desde julio seg\u00fan el nivel educativo y la subvenci\u00f3n<\/strong><\/p>\n\n\n\n<ul class=\"wp-block-list\">\n<li>Nivel Inicial y Primario<\/li>\n<\/ul>\n\n\n\n<p>Subvenci\u00f3n del 100%: $28.390<\/p>\n\n\n\n<p>Subvenci\u00f3n del 40%: $128.250<\/p>\n\n\n\n<ul class=\"wp-block-list\">\n<li>Nivel Secundario<\/li>\n<\/ul>\n\n\n\n<p>Subvenci\u00f3n del 100%: $31.290<\/p>\n\n\n\n<p>Subvenci\u00f3n del 40%: $166.650<\/p>\n\n\n\n<ul class=\"wp-block-list\">\n<li>Nivel Secundario T\u00e9cnico, Agrario y Art\u00edstico<\/li>\n<\/ul>\n\n\n\n<p>Subvenci\u00f3n del 100%: $36.070<\/p>\n\n\n\n<p>Subvenci\u00f3n del 40%: $190.720<\/p>\n\n\n\n<ul class=\"wp-block-list\">\n<li>Nivel Superior<\/li>\n<\/ul>\n\n\n\n<p>Subvenci\u00f3n del 100%: $40.880<\/p>\n\n\n\n<p>Subvenci\u00f3n del 40%: $162.780&nbsp;<\/p>\n\n\n\n<p><em>Fuente: DIB<\/em><\/p>\n\n\n\n<p><\/p>\n","protected":false},"excerpt":{"rendered":"<p>Las escuelas bonaerenses que reciben aportes del Estado aplicar\u00e1n un nuevo ajuste del 4,2% en el valor de las cuotas.<\/p>\n","protected":false},"author":6,"featured_media":121732,"comment_status":"closed","ping_status":"closed","sticky":false,"template":"","format":"standard","meta":{"_jetpack_memberships_contains_paid_content":false,"footnotes":""},"categories":[6,1],"tags":[],"class_list":["post-175299","post","type-post","status-publish","format-standard","has-post-thumbnail","hentry","category-nacionales","category-portada"],"jetpack_featured_media_url":"https:\/\/i0.wp.com\/cdnoticias.com\/wp-content\/uploads\/2024\/07\/colegios-privados.jpg?fit=696%2C382&ssl=1","jetpack_sharing_enabled":true,"_links":{"self":[{"href":"https:\/\/cdnoticias.com\/index.php\/wp-json\/wp\/v2\/posts\/175299","targetHints":{"allow":["GET"]}}],"collection":[{"href":"https:\/\/cdnoticias.com\/index.php\/wp-json\/wp\/v2\/posts"}],"about":[{"href":"https:\/\/cdnoticias.com\/index.php\/wp-json\/wp\/v2\/types\/post"}],"author":[{"embeddable":true,"href":"https:\/\/cdnoticias.com\/index.php\/wp-json\/wp\/v2\/users\/6"}],"replies":[{"embeddable":true,"href":"https:\/\/cdnoticias.com\/index.php\/wp-json\/wp\/v2\/comments?post=175299"}],"version-history":[{"count":0,"href":"https:\/\/cdnoticias.com\/index.php\/wp-json\/wp\/v2\/posts\/175299\/revisions"}],"wp:featuredmedia":[{"embeddable":true,"href":"https:\/\/cdnoticias.com\/index.php\/wp-json\/wp\/v2\/media\/121732"}],"wp:attachment":[{"href":"https:\/\/cdnoticias.com\/index.php\/wp-json\/wp\/v2\/media?parent=175299"}],"wp:term":[{"taxonomy":"category","embeddable":true,"href":"https:\/\/cdnoticias.com\/index.php\/wp-json\/wp\/v2\/categories?post=175299"},{"taxonomy":"post_tag","embeddable":true,"href":"https:\/\/cdnoticias.com\/index.php\/wp-json\/wp\/v2\/tags?post=175299"}],"curies":[{"name":"wp","href":"https:\/\/api.w.org\/{rel}","templated":true}]}}