{"id":175297,"date":"2025-06-26T17:01:04","date_gmt":"2025-06-26T20:01:04","guid":{"rendered":"https:\/\/cdnoticias.com\/?p=175297"},"modified":"2025-06-26T17:01:11","modified_gmt":"2025-06-26T20:01:11","slug":"milei-veto-la-ley-de-emergencia-por-la-inundacion-en-bahia-blanca","status":"publish","type":"post","link":"https:\/\/cdnoticias.com\/index.php\/2025\/06\/26\/milei-veto-la-ley-de-emergencia-por-la-inundacion-en-bahia-blanca\/","title":{"rendered":"Milei vet\u00f3 la ley de emergencia por la inundaci\u00f3n en Bah\u00eda Blanca"},"content":{"rendered":"\n<p>El proyecto aprobado por el Congreso preve\u00eda la creaci\u00f3n de un fondo de $200.000 millones y una l\u00ednea de cr\u00e9ditos para la reconstrucci\u00f3n tras la inundaci\u00f3n del 7 de marzo.<\/p>\n\n\n\n<hr class=\"wp-block-separator aligncenter has-alpha-channel-opacity\"\/>\n\n\n\n<p>El <strong>presidente Javier Milei vet\u00f3 por completo la Ley 27.790<\/strong>, sancionada por el Congreso el 4 de junio, que <strong>declaraba la emergencia y cat\u00e1strofe en Bah\u00eda Blanca <\/strong>y Coronel Rosales por 180 d\u00edas y dispon\u00eda una serie de<strong> medidas de asistencia financiera a los damnificados por la inundaci\u00f3n tr\u00e1gica del 7 de marzo.\u00a0<\/strong><\/p>\n\n\n\n<p><\/p>\n\n\n\n<p>Entre los puntos m\u00e1s importantes <strong>creaba un fondo de $200.000 millones<\/strong>. La decisi\u00f3n fue formalizada mediante el Decreto 424\/2025, publicado en el Bolet\u00edn Oficial, y argumenta que las medidas contenidas en la ley \u201cya fueron adoptadas mediante el Decreto 238\/25\u201d, que estableci\u00f3 el suplemento \u00fanico para la recontrucci\u00f3n (SUR) con fondos gestionados por el Ministerio de Seguridad.<\/p>\n\n\n\n<p><\/p>\n\n\n\n<p>En el Ejecutivo argumentaron que ya impulsaron el 1\u00b0 de abril la creaci\u00f3n de un fondo de $200.000 millones con esa finalidad desde la \u00f3rbita de la Agencia Federal de Emergencias, que forma parte del Ministerio de Seguridad que lidera Patricia Bullrich.<\/p>\n\n\n\n<p><\/p>\n\n\n\n<blockquote class=\"wp-block-quote is-layout-flow wp-block-quote-is-layout-flow\">\n<p>Adem\u00e1s, agregaron que luego de la presentaci\u00f3n del proyecto del fondo para la reconstrucci\u00f3n de Bah\u00eda Blanca \u201cdict\u00f3 el Decreto N\u00b0 238\/25\u201d, con este mismo objetivo, y que \u201cimplement\u00f3 las medidas que pretend\u00edan ser adoptadas por medio de la sanci\u00f3n como ley del proyecto mencionado\u201d.<\/p>\n<\/blockquote>\n\n\n\n<p><\/p>\n\n\n\n<p>El texto cuestion\u00f3 que la ley que vet\u00f3 \u201cno indica cu\u00e1l ha de ser la fuente de financiamiento para hacer frente a las erogaciones que por medio de \u00e9l se disponen, requisito necesario de acuerdo con lo establecido en el art\u00edculo 38 de la Ley de Administraci\u00f3n Financiera y de los Sistemas de Control del Sector P\u00fablico Nacional N\u00b0 24.156 y sus modificatorias, que dispone que las leyes que autoricen gastos no previstos en el presupuesto general deben especificar las fuentes de los recursos que las financiar\u00e1n\u201d.<\/p>\n\n\n\n<p><\/p>\n\n\n\n<blockquote class=\"wp-block-quote is-layout-flow wp-block-quote-is-layout-flow\">\n<p>El proyecto vetado hab\u00eda sido impulsado por senadores bonaerenses y contemplaba la creaci\u00f3n de un fondo especial de $200.000 millones, exenciones impositivas, una moratoria de 180 d\u00edas para deudas, la promoci\u00f3n de obras con mano de obra local y una l\u00ednea de cr\u00e9ditos blandos a trav\u00e9s del Banco Naci\u00f3n.<\/p>\n<\/blockquote>\n\n\n\n<p><\/p>\n\n\n\n<p>Seg\u00fan el decreto presidencial, <strong>ya se abon\u00f3 el subsidio a 32.076 personas,<\/strong> sobre un total de 37.546 inscriptos. Unos 3.962 casos siguen en an\u00e1lisis, mientras que el 4% fue rechazado.\u00a0<\/p>\n\n\n\n<p><\/p>\n\n\n\n<p><em>Fuente: DIB<\/em><\/p>\n","protected":false},"excerpt":{"rendered":"<p>El proyecto aprobado por el Congreso preve\u00eda la creaci\u00f3n de un fondo de $200.000 millones y una l\u00ednea de cr\u00e9ditos<\/p>\n","protected":false},"author":6,"featured_media":167219,"comment_status":"closed","ping_status":"closed","sticky":false,"template":"","format":"standard","meta":{"_jetpack_memberships_contains_paid_content":false,"footnotes":""},"categories":[6,1],"tags":[],"class_list":["post-175297","post","type-post","status-publish","format-standard","has-post-thumbnail","hentry","category-nacionales","category-portada"],"jetpack_featured_media_url":"https:\/\/i0.wp.com\/cdnoticias.com\/wp-content\/uploads\/2025\/03\/Bahia-Blanca-Inundacion-696x393-1.jpg?fit=696%2C393&ssl=1","jetpack_sharing_enabled":true,"_links":{"self":[{"href":"https:\/\/cdnoticias.com\/index.php\/wp-json\/wp\/v2\/posts\/175297","targetHints":{"allow":["GET"]}}],"collection":[{"href":"https:\/\/cdnoticias.com\/index.php\/wp-json\/wp\/v2\/posts"}],"about":[{"href":"https:\/\/cdnoticias.com\/index.php\/wp-json\/wp\/v2\/types\/post"}],"author":[{"embeddable":true,"href":"https:\/\/cdnoticias.com\/index.php\/wp-json\/wp\/v2\/users\/6"}],"replies":[{"embeddable":true,"href":"https:\/\/cdnoticias.com\/index.php\/wp-json\/wp\/v2\/comments?post=175297"}],"version-history":[{"count":0,"href":"https:\/\/cdnoticias.com\/index.php\/wp-json\/wp\/v2\/posts\/175297\/revisions"}],"wp:featuredmedia":[{"embeddable":true,"href":"https:\/\/cdnoticias.com\/index.php\/wp-json\/wp\/v2\/media\/167219"}],"wp:attachment":[{"href":"https:\/\/cdnoticias.com\/index.php\/wp-json\/wp\/v2\/media?parent=175297"}],"wp:term":[{"taxonomy":"category","embeddable":true,"href":"https:\/\/cdnoticias.com\/index.php\/wp-json\/wp\/v2\/categories?post=175297"},{"taxonomy":"post_tag","embeddable":true,"href":"https:\/\/cdnoticias.com\/index.php\/wp-json\/wp\/v2\/tags?post=175297"}],"curies":[{"name":"wp","href":"https:\/\/api.w.org\/{rel}","templated":true}]}}