{"id":175279,"date":"2025-06-26T13:01:32","date_gmt":"2025-06-26T16:01:32","guid":{"rendered":"https:\/\/cdnoticias.com\/?p=175279"},"modified":"2025-06-26T13:01:34","modified_gmt":"2025-06-26T16:01:34","slug":"campana-de-deteccion-gratuita-de-dermatitis-atopica","status":"publish","type":"post","link":"https:\/\/cdnoticias.com\/index.php\/2025\/06\/26\/campana-de-deteccion-gratuita-de-dermatitis-atopica\/","title":{"rendered":"Campa\u00f1a de detecci\u00f3n gratuita de dermatitis at\u00f3pica"},"content":{"rendered":"<p>Es de car\u00e1cter nacional, Olavarr\u00eda es parte de la iniciativa y a\u00fan hay turnos disponibles. \u201cEl impacto en la calidad de vida de los pacientes con dermatitis at\u00f3pica es muy alto\u201d dijo Carolina Ledesma, presidenta de la Sociedad Argentina de Psoriasis.<!--more--><\/p>\n<hr \/>\n<p>Durante esta semana se lleva adelante la <strong>campa\u00f1a de detecci\u00f3n gratuita de dermatitis at\u00f3pica<\/strong>. Es de car\u00e1cter nacional y <strong>Olavarr\u00eda es parte de la iniciativa<\/strong> organizada por la <em>Asociaci\u00f3n Civil para el Enfermo de Psoriasis (AEPSO), la Sociedad Argentina de Psoriasis (SOARPSO), la Asociaci\u00f3n Argentina de Alergia e Inmunolog\u00eda Cl\u00ednica (AAAeIC), la Sociedad de Dermatolog\u00eda Pedi\u00e1trica para Latinoam\u00e9rica (SDPL) y la Asociaci\u00f3n Argentina de Dermatolog\u00eda (ADD)<\/em>.<\/p>\n<p>El objetivo es <strong>promover la atenci\u00f3n destinada a personas con sospecha de la enfermedad, facilitar el diagn\u00f3stico temprano y mejorar la calidad de vida<\/strong> de los pacientes.<\/p>\n<blockquote><p>En ese sentido, hasta este viernes aquellas personas con signos y s\u00edntomas de dermatitis at\u00f3pica podr\u00e1n acceder a un turno gratuito con un m\u00e9dico especialista ingresando en www.aepso.org o llamando al 0800 222 3776 de 9 a 14 hs. La atenci\u00f3n efectiva se realizar\u00e1 desde el 30 de junio al 4 de julio. Se destac\u00f3 que para Olavarr\u00eda a\u00fan hay turnos disponibles.<\/p><\/blockquote>\n<p><img data-recalc-dims=\"1\" loading=\"lazy\" decoding=\"async\" class=\"alignnone size-full wp-image-175281 aligncenter\" src=\"https:\/\/i0.wp.com\/cdnoticias.com\/wp-content\/uploads\/2025\/06\/campana-de-dermatitis-atopica-2025-a.jpg?resize=450%2C563&#038;ssl=1\" alt=\"\" width=\"450\" height=\"563\" srcset=\"https:\/\/i0.wp.com\/cdnoticias.com\/wp-content\/uploads\/2025\/06\/campana-de-dermatitis-atopica-2025-a.jpg?w=450&amp;ssl=1 450w, https:\/\/i0.wp.com\/cdnoticias.com\/wp-content\/uploads\/2025\/06\/campana-de-dermatitis-atopica-2025-a.jpg?resize=240%2C300&amp;ssl=1 240w\" sizes=\"auto, (max-width: 450px) 100vw, 450px\" \/><\/p>\n<h3>La enfermedad<\/h3>\n<p><strong>La dermatitis at\u00f3pica es una enfermedad inflamatoria y cr\u00f3nica de la piel<\/strong>, caracterizada por brotes frecuentes, picaz\u00f3n intensa, irritaci\u00f3n, dolor, enrojecimiento, costras e infecciones. Las lesiones pueden ubicarse en la cara, el cuero cabelludo, las orejas, el dorso de las manos y las zonas de flexi\u00f3n de las extremidades.<strong> \u201cEl impacto en la calidad de vida de los pacientes con dermatitis at\u00f3pica (DA) es muy alto<\/strong> ya que atraviesa todo su entorno familiar, laboral y social. Es com\u00fan en los ni\u00f1os peque\u00f1os, pero puede manifestarse a cualquier edad. En nuestro pa\u00eds, se estima que la DA afecta al menos al 10% de los ni\u00f1os y adolescentes, y en cerca de 3 de cada 10 casos, la enfermedad se mantiene en la adultez\u201d explic\u00f3 la <strong>doctora Carolina Ledesma, Presidenta de la Sociedad Argentina de Psoriasis (SOARPSO) (M.P. 2.754).<\/strong><\/p>\n<p>Los s\u00edntomas de la dermatitis at\u00f3pica (eccema) <strong>pueden aparecer en cualquier parte del cuerpo y var\u00edan considerablemente seg\u00fan la persona<\/strong>. Algunos de ellos son: <em>piel seca y agrietada, picaz\u00f3n, erupci\u00f3n en la piel hinchada que var\u00eda de color seg\u00fan el color de piel, peque\u00f1as protuberancias, exudado y costras, piel engrosada, oscurecimiento de la piel alrededor de los ojos, piel en carne viva y sensible por rascarse<\/em>, entre otros. Existen <strong>otras enfermedades desencadenadas por el mismo proceso inflamatorio<\/strong> y es muy frecuente que coexista con diferentes <strong>afecciones al\u00e9rgicas<\/strong>. \u201cLa dermatitis at\u00f3pica es una enfermedad inflamatoria cr\u00f3nica de la piel frecuentemente <strong>asociada con antecedentes personales y familiares de enfermedades al\u00e9rgicas<\/strong> como: la alergia alimentaria, el asma, la rinitis. Se la entiende como una enfermedad multifactorial que involucra factores gen\u00e9ticos, ambientales e inmunobiol\u00f3gicos.<strong> Es com\u00fan en ni\u00f1os, aunque puede persistir o aparecer en la edad adulta<\/strong>. Esta enfermedad ha aumentado en las \u00faltimas d\u00e9cadas\u201d, afirm\u00f3 la <strong>Dra. Susana de Barayazarra, Presidenta de la Asociaci\u00f3n Argentina de Alergia e Inmunolog\u00eda Cl\u00ednica (AAAeIC) (M.P.16.120 \/ M.E. 5.470)<\/strong>.<\/p>\n<p>\u201cEs una enfermedad que <strong>requiere un abordaje multidisciplinario entre el alergista y el dermat\u00f3logo<\/strong>, lo que favorece al paciente ya que permite el cuidado de la piel como as\u00ed tambi\u00e9n las causas que la genera, garantizando una evaluaci\u00f3n precisa y un tratamiento adecuado personalizado para, de esa forma, mejorar la calidad de vida de nuestros pacientes,\u201d agreg\u00f3 de Barayazarra.<\/p>\n<p><strong>Es muy importante consultar ante los primeros s\u00edntomas<\/strong> dado que permite tener un diagn\u00f3stico temprano para poder cambiar el rumbo de la enfermedad. \u201cEste enfoque posibilita la implementaci\u00f3n de <strong>un tratamiento personalizado y adaptado a las caracter\u00edsticas espec\u00edficas<\/strong> del paciente, facilitando la mitigaci\u00f3n de los s\u00edntomas en casos de enfermedad de mayor gravedad y avance. Asimismo, permite la identificaci\u00f3n y manejo, cuando sea pertinente, de las comorbilidades asociadas, y en las formas leves, contribuye a prevenir la progresi\u00f3n del eczema\u201d, asegur\u00f3 la <strong>doctora Paula Luna, Presidenta de la Sociedad de Dermatolog\u00eda Pedi\u00e1trica para Latinoam\u00e9rica (SDLP), Vicepresidenta de la Sociedad Argentina de Psoriasis (SOARPSO) (M.N. 110.953)<\/strong>.<\/p>\n<p><img data-recalc-dims=\"1\" loading=\"lazy\" decoding=\"async\" class=\"alignnone size-full wp-image-175283 aligncenter\" src=\"https:\/\/i0.wp.com\/cdnoticias.com\/wp-content\/uploads\/2025\/06\/campana-de-dermatitis-atopica-2025-c.jpg?resize=450%2C563&#038;ssl=1\" alt=\"\" width=\"450\" height=\"563\" srcset=\"https:\/\/i0.wp.com\/cdnoticias.com\/wp-content\/uploads\/2025\/06\/campana-de-dermatitis-atopica-2025-c.jpg?w=450&amp;ssl=1 450w, https:\/\/i0.wp.com\/cdnoticias.com\/wp-content\/uploads\/2025\/06\/campana-de-dermatitis-atopica-2025-c.jpg?resize=240%2C300&amp;ssl=1 240w\" sizes=\"auto, (max-width: 450px) 100vw, 450px\" \/><\/p>\n<p>Dependiendo del perfil del paciente, <strong>es una enfermedad que, especialmente en la primera infancia, puede lograr la remisi\u00f3n<\/strong> en un n\u00famero significativo; en otros casos, <strong>puede requerir de un tratamiento cr\u00f3nico y controlado<\/strong> por profesionales especializados. Para los casos con enfermedad moderada o grave, en los \u00faltimos a\u00f1os, han aparecido<strong> diversas herramientas terap\u00e9uticas<\/strong> que permiten mejorar sustancialmente la calidad de vida, controlando la picaz\u00f3n y las lesiones cut\u00e1neas de los pacientes que van desde los medicamentos biol\u00f3gicos (inhibidores de las interleuquinas 4 y 13), hasta los tratamientos orales (inhibidores de JAK).<\/p>\n<p>\u201cHoy en d\u00eda disponemos de diversas opciones terap\u00e9uticas aprobadas para abordar esta enfermedad, que van <strong>desde medicamentos orales hasta terapias biol\u00f3gicas<\/strong>. Estas alternativas tienen como objetivo aliviar los s\u00edntomas cut\u00e1neos, disminuir la picaz\u00f3n y evitar reca\u00eddas. Adem\u00e1s, es fundamental complementar el tratamiento con la identificaci\u00f3n de factores que puedan desencadenar o empeorar la afecci\u00f3n, as\u00ed como con una <strong>correcta educaci\u00f3n sobre el cuidado de la piel<\/strong>. Cabe destacar que <strong>cada tratamiento debe adaptarse a las necesidades espec\u00edficas<\/strong> de cada paciente\u201d detall\u00f3 la <strong>Dra. Cecilia Civale, Presidenta de la Asociaci\u00f3n Argentina de Dermatolog\u00eda (AAD) (M.N. 122.479).<\/strong><\/p>\n<blockquote><p>Cerca del 90% de los pacientes ve afectada diariamente su calidad de vida, la dermatitis at\u00f3pica impacta en los \u00e1mbitos laboral, escolar, social, vincular y econ\u00f3mico.<\/p><\/blockquote>\n<p>La picaz\u00f3n, principal s\u00edntoma de la enfermedad, no es un aspecto menor. <strong>Las personas a las que la piel les pica en forma cr\u00f3nica e intensa<\/strong> (que sucede en contextos o situaciones imposibles de controlar como la escuela, el trabajo, en el transporte p\u00fablico, en un evento social o al intentar dormir) <strong>tienen el triple de posibilidades de desarrollar depresi\u00f3n y el doble de experimentar ansiedad<\/strong>. Cuando los pacientes deben calificar la intensidad de su picaz\u00f3n en un rango del 1 al 10, el promedio general asciende a 7.8.<\/p>\n<p>\u201cLas enfermedades dermatol\u00f3gicas no deben considerarse meramente est\u00e9ticas, ya que afectan profundamente la calidad de vida de quienes las padecen, <strong>impactando tanto su salud f\u00edsica como mental, y tambi\u00e9n influyen en su entorno cercano<\/strong>. Se trata de patolog\u00edas cr\u00f3nicas, sin cura definitiva, que requieren <strong>atenci\u00f3n m\u00e9dica continua<\/strong> a lo largo del tiempo. A esto se suma el <strong>desgaste adicional que provoca la complejidad del sistema de salud<\/strong>, donde muchas veces acceder a terapias m\u00e1s efectivas y actuales implica atravesar m\u00faltiples obst\u00e1culos burocr\u00e1ticos\u201d, concluy\u00f3<strong> Silvia Fern\u00e1ndez Barrio, Presidenta de la Asociaci\u00f3n Civil para el Enfermo de Psoriasis (AEPSO).<\/strong><\/p>\n<blockquote><p>En base a relevamientos realizados, en algunas provincias de nuestro pa\u00eds, 6 de cada 10 diagn\u00f3sticos pueden demorar de 2 a 5 a\u00f1os. Existe una gran barrera para acceder al diagn\u00f3stico certero.<\/p><\/blockquote>\n<p>Los organizadores coincidieron en la <strong>importancia de realizar estas campa\u00f1as de detecci\u00f3n que facilitan el diagn\u00f3stico en todo el pa\u00eds<\/strong>, donde muchas de las personas que a\u00fan deambulan de m\u00e9dico en m\u00e9dico pueden alcanzar un diagn\u00f3stico y un tratamiento correcto que les permita un mayor control de la enfermedad.<\/p>\n<p><img data-recalc-dims=\"1\" loading=\"lazy\" decoding=\"async\" class=\"alignnone size-full wp-image-175282 aligncenter\" src=\"https:\/\/i0.wp.com\/cdnoticias.com\/wp-content\/uploads\/2025\/06\/campana-de-dermatitis-atopica-2025-b.jpg?resize=450%2C563&#038;ssl=1\" alt=\"\" width=\"450\" height=\"563\" srcset=\"https:\/\/i0.wp.com\/cdnoticias.com\/wp-content\/uploads\/2025\/06\/campana-de-dermatitis-atopica-2025-b.jpg?w=450&amp;ssl=1 450w, https:\/\/i0.wp.com\/cdnoticias.com\/wp-content\/uploads\/2025\/06\/campana-de-dermatitis-atopica-2025-b.jpg?resize=240%2C300&amp;ssl=1 240w\" sizes=\"auto, (max-width: 450px) 100vw, 450px\" \/><\/p>\n<h3>Campa\u00f1a gratuita de detecci\u00f3n<\/h3>\n<p>Organizada por la Asociaci\u00f3n Civil para el Enfermo de Psoriasis (AEPSO), la Sociedad Argentina de Psoriasis (SOARPSO), la Asociaci\u00f3n Argentina de Alergia e Inmunolog\u00eda Cl\u00ednica (AAAeIC), la Sociedad de Dermatolog\u00eda Pedi\u00e1trica para Latinoam\u00e9rica (SDPL) y la Asociaci\u00f3n Argentina de Dermatolog\u00eda (ADD), se lleva a cabo la <strong>quinta campa\u00f1a nacional de detecci\u00f3n gratuita de dermatitis at\u00f3pica<\/strong>, con el objetivo de promover el diagn\u00f3stico temprano y mejorar la calidad de vida de las personas que deben atravesar esta enfermedad.<\/p>\n<blockquote><p>Desde el 23 al 29 de junio se realizar\u00e1 una semana de asignaci\u00f3n de turnos a trav\u00e9s de www.aepso.org o llamando al 0800 222 3776, de lunes a viernes, de 9 a 14 hs. La atenci\u00f3n efectiva se realizar\u00e1 del 30 de junio al 4 de julio.<\/p><\/blockquote>\n<p>Participan profesionales de diferentes provincias y ciudades de todo el pa\u00eds.<\/p>\n","protected":false},"excerpt":{"rendered":"<p>Es de car\u00e1cter nacional, Olavarr\u00eda es parte de la iniciativa y a\u00fan hay turnos disponibles. \u201cEl impacto en la calidad<\/p>\n","protected":false},"author":4,"featured_media":175280,"comment_status":"closed","ping_status":"closed","sticky":false,"template":"","format":"standard","meta":{"_jetpack_memberships_contains_paid_content":false,"footnotes":""},"categories":[5,1],"tags":[],"class_list":["post-175279","post","type-post","status-publish","format-standard","has-post-thumbnail","hentry","category-informacion-general","category-portada"],"jetpack_featured_media_url":"https:\/\/i0.wp.com\/cdnoticias.com\/wp-content\/uploads\/2025\/06\/campana-de-dermatitis-atopica-2025.jpg?fit=800%2C445&ssl=1","jetpack_sharing_enabled":true,"_links":{"self":[{"href":"https:\/\/cdnoticias.com\/index.php\/wp-json\/wp\/v2\/posts\/175279","targetHints":{"allow":["GET"]}}],"collection":[{"href":"https:\/\/cdnoticias.com\/index.php\/wp-json\/wp\/v2\/posts"}],"about":[{"href":"https:\/\/cdnoticias.com\/index.php\/wp-json\/wp\/v2\/types\/post"}],"author":[{"embeddable":true,"href":"https:\/\/cdnoticias.com\/index.php\/wp-json\/wp\/v2\/users\/4"}],"replies":[{"embeddable":true,"href":"https:\/\/cdnoticias.com\/index.php\/wp-json\/wp\/v2\/comments?post=175279"}],"version-history":[{"count":0,"href":"https:\/\/cdnoticias.com\/index.php\/wp-json\/wp\/v2\/posts\/175279\/revisions"}],"wp:featuredmedia":[{"embeddable":true,"href":"https:\/\/cdnoticias.com\/index.php\/wp-json\/wp\/v2\/media\/175280"}],"wp:attachment":[{"href":"https:\/\/cdnoticias.com\/index.php\/wp-json\/wp\/v2\/media?parent=175279"}],"wp:term":[{"taxonomy":"category","embeddable":true,"href":"https:\/\/cdnoticias.com\/index.php\/wp-json\/wp\/v2\/categories?post=175279"},{"taxonomy":"post_tag","embeddable":true,"href":"https:\/\/cdnoticias.com\/index.php\/wp-json\/wp\/v2\/tags?post=175279"}],"curies":[{"name":"wp","href":"https:\/\/api.w.org\/{rel}","templated":true}]}}