{"id":175272,"date":"2025-06-26T15:50:00","date_gmt":"2025-06-26T18:50:00","guid":{"rendered":"https:\/\/cdnoticias.com\/?p=175272"},"modified":"2025-06-26T19:24:11","modified_gmt":"2025-06-26T22:24:11","slug":"las-fogatas-de-san-juan-san-pedro-y-san-pablo-con-gran-participacion-de-la-comunidad","status":"publish","type":"post","link":"https:\/\/cdnoticias.com\/index.php\/2025\/06\/26\/las-fogatas-de-san-juan-san-pedro-y-san-pablo-con-gran-participacion-de-la-comunidad\/","title":{"rendered":"Las fogatas de San Juan, San Pedro y San Pablo con gran participaci\u00f3n de la comunidad"},"content":{"rendered":"\n<p>Se desarrollan en distintos puntos del Partido de Olavarr\u00eda. Las actividades continuar\u00e1n el fin de semana.<\/p>\n\n\n\n<hr class=\"wp-block-separator has-alpha-channel-opacity\"\/>\n\n\n\n<p>Con una gran participaci\u00f3n comunitaria se llevan a cabo las <strong>fogatas de San Juan, San Pedro y San Pablo <\/strong>en distintos puntos del Partido de Olavarr\u00eda, en el marco del <strong>trabajo conjunto con las delegaciones municipales, la comunidad educativa, las instituciones (bibliotecas, sociedades de fomento) y los Museos de los Pueblos.<\/strong><\/p>\n\n\n\n<p><\/p>\n\n\n\n<p>El programa se inici\u00f3 el pasado<strong> martes 24 de junio en el Museo Municipal de la Piedra \u201cEmma Occhi\u201d de Sierra Chica y en el Parque Valverde de Espigas.<\/strong> Mientras que en la tarde de ayer, <strong>mi\u00e9rcoles 25 de junio, se realiz\u00f3 la celebraci\u00f3n de la Fogata de San Juan y San Pedro en el Barrio AOMA.<\/strong><\/p>\n\n\n\n<p><\/p>\n\n\n\n<blockquote class=\"wp-block-quote is-layout-flow wp-block-quote-is-layout-flow\">\n<p>Las actividades continuar\u00e1n este s\u00e1bado 28 de junio con la Fogata de San Pablo en el Museo Municipal de Hinojo, y la Noche de los Candiles en el Museo Municipal de Espigas.<\/p>\n<\/blockquote>\n\n\n\n<p><\/p>\n\n\n\n<p>Cabe recordar que estas festividades consisten en la organizaci\u00f3n de fogatas, <strong>una tradici\u00f3n que se realiza en Olavarr\u00eda desde 1899 aproximadamente.<\/strong><br>Previamente<strong> se construyen mu\u00f1ecos que son quemados en las fogatas a modo de ritual.<\/strong> Se combinan elementos de tradiciones paganas, cristianas y son parte de la cultura popular de Argentina y otros pa\u00edses de Am\u00e9rica Latina.<\/p>\n\n\n\n<p><\/p>\n\n\n\n<p>Originalmente, <strong>esta celebraci\u00f3n tiene sus ra\u00edces en el interior de la cultura de distintos pueblos andinos as\u00ed como tambi\u00e9n en comunidades de pueblos originarios de nuestro territorio<\/strong>. Estas comunidades originarias fueron profundamente afectados por el proceso de colonizaci\u00f3n europea, que trajo consigo, <strong>genocidio e invisibilizaci\u00f3n hacia estos pueblos, apropi\u00e1ndose, entre otras cosas, de esta celebraci\u00f3n y adapt\u00e1ndola al cristianismo.<\/strong> A partir de ah\u00ed, es que se conocen como: \u201cFogatas de San Juan y San Pedro\u201d y \u201cFogatas de San Pablo\u201d.<\/p>\n\n\n\n<p><\/p>\n\n\n\n<p>Desde el Municipio se destaca la <strong>participaci\u00f3n de la comunidad educativa y p\u00fablico general y la colaboraci\u00f3n especial de Bomberos Voluntarios.<\/strong><\/p>\n\n\n\n<p><\/p>\n\n\n\n<div class=\"wp-block-jetpack-slideshow aligncenter\" data-effect=\"slide\"><div class=\"wp-block-jetpack-slideshow_container swiper-container\"><ul class=\"wp-block-jetpack-slideshow_swiper-wrapper swiper-wrapper\"><li class=\"wp-block-jetpack-slideshow_slide swiper-slide\"><figure><img data-recalc-dims=\"1\" loading=\"lazy\" decoding=\"async\" width=\"800\" height=\"445\" alt=\"\" class=\"wp-block-jetpack-slideshow_image wp-image-175277\" data-id=\"175277\" src=\"https:\/\/i0.wp.com\/cdnoticias.com\/wp-content\/uploads\/2025\/06\/fogatas-05.png?resize=800%2C445&#038;ssl=1\" srcset=\"https:\/\/i0.wp.com\/cdnoticias.com\/wp-content\/uploads\/2025\/06\/fogatas-05.png?w=800&amp;ssl=1 800w, https:\/\/i0.wp.com\/cdnoticias.com\/wp-content\/uploads\/2025\/06\/fogatas-05.png?resize=300%2C167&amp;ssl=1 300w, https:\/\/i0.wp.com\/cdnoticias.com\/wp-content\/uploads\/2025\/06\/fogatas-05.png?resize=768%2C427&amp;ssl=1 768w\" sizes=\"(max-width: 800px) 100vw, 800px\" \/><\/figure><\/li><li class=\"wp-block-jetpack-slideshow_slide swiper-slide\"><figure><img data-recalc-dims=\"1\" loading=\"lazy\" decoding=\"async\" width=\"800\" height=\"445\" alt=\"\" class=\"wp-block-jetpack-slideshow_image wp-image-175276\" data-id=\"175276\" src=\"https:\/\/i0.wp.com\/cdnoticias.com\/wp-content\/uploads\/2025\/06\/fogatas-04.png?resize=800%2C445&#038;ssl=1\" srcset=\"https:\/\/i0.wp.com\/cdnoticias.com\/wp-content\/uploads\/2025\/06\/fogatas-04.png?w=800&amp;ssl=1 800w, https:\/\/i0.wp.com\/cdnoticias.com\/wp-content\/uploads\/2025\/06\/fogatas-04.png?resize=300%2C167&amp;ssl=1 300w, https:\/\/i0.wp.com\/cdnoticias.com\/wp-content\/uploads\/2025\/06\/fogatas-04.png?resize=768%2C427&amp;ssl=1 768w\" sizes=\"(max-width: 800px) 100vw, 800px\" \/><\/figure><\/li><li class=\"wp-block-jetpack-slideshow_slide swiper-slide\"><figure><img data-recalc-dims=\"1\" loading=\"lazy\" decoding=\"async\" width=\"800\" height=\"445\" alt=\"\" class=\"wp-block-jetpack-slideshow_image wp-image-175275\" data-id=\"175275\" src=\"https:\/\/i0.wp.com\/cdnoticias.com\/wp-content\/uploads\/2025\/06\/fogatas-03.png?resize=800%2C445&#038;ssl=1\" srcset=\"https:\/\/i0.wp.com\/cdnoticias.com\/wp-content\/uploads\/2025\/06\/fogatas-03.png?w=800&amp;ssl=1 800w, https:\/\/i0.wp.com\/cdnoticias.com\/wp-content\/uploads\/2025\/06\/fogatas-03.png?resize=300%2C167&amp;ssl=1 300w, https:\/\/i0.wp.com\/cdnoticias.com\/wp-content\/uploads\/2025\/06\/fogatas-03.png?resize=768%2C427&amp;ssl=1 768w\" sizes=\"(max-width: 800px) 100vw, 800px\" \/><\/figure><\/li><li class=\"wp-block-jetpack-slideshow_slide swiper-slide\"><figure><img data-recalc-dims=\"1\" loading=\"lazy\" decoding=\"async\" width=\"800\" height=\"445\" alt=\"\" class=\"wp-block-jetpack-slideshow_image wp-image-175274\" data-id=\"175274\" src=\"https:\/\/i0.wp.com\/cdnoticias.com\/wp-content\/uploads\/2025\/06\/fogatas-02.png?resize=800%2C445&#038;ssl=1\" srcset=\"https:\/\/i0.wp.com\/cdnoticias.com\/wp-content\/uploads\/2025\/06\/fogatas-02.png?w=800&amp;ssl=1 800w, https:\/\/i0.wp.com\/cdnoticias.com\/wp-content\/uploads\/2025\/06\/fogatas-02.png?resize=300%2C167&amp;ssl=1 300w, https:\/\/i0.wp.com\/cdnoticias.com\/wp-content\/uploads\/2025\/06\/fogatas-02.png?resize=768%2C427&amp;ssl=1 768w\" sizes=\"(max-width: 800px) 100vw, 800px\" \/><\/figure><\/li><\/ul><a class=\"wp-block-jetpack-slideshow_button-prev swiper-button-prev swiper-button-white\" role=\"button\"><\/a><a class=\"wp-block-jetpack-slideshow_button-next swiper-button-next swiper-button-white\" role=\"button\"><\/a><a aria-label=\"Pause Slideshow\" class=\"wp-block-jetpack-slideshow_button-pause\" role=\"button\"><\/a><div class=\"wp-block-jetpack-slideshow_pagination swiper-pagination swiper-pagination-white\"><\/div><\/div><\/div>\n\n\n\n<p><\/p>\n\n\n\n<p><strong>Noche de los candiles en Espigas<\/strong><\/p>\n\n\n\n<p><\/p>\n\n\n\n<p>Desde la Subsecretar\u00eda de Cultura y la Direcci\u00f3n de Patrimonio Cultural se invita a participar de <strong>\u201cLa noche de los candiles\u201d<\/strong> que se realizar\u00e1 en la localidad de Espigas.<\/p>\n\n\n\n<p><\/p>\n\n\n\n<p>Esta actividad, se realizar\u00e1 el<strong> s\u00e1bado 28 de junio, a las 18:30 horas en el Museo municipal de Espigas <\/strong>y consiste en desfilar por las calles con candiles.<\/p>\n\n\n\n<p><\/p>\n\n\n\n<p>A trav\u00e9s de la celebraci\u00f3n recordamos que<strong> los candiles eran utilizados antiguamente para iluminarse en la localidad<\/strong>, mayormente por la gente del campo, ya que no contaban con otro medio. Se realizaban en latas o utensilios en desuso, con trapos, preferiblemente arpillera y grasa de oveja o de vaca, eran todas cosas f\u00e1ciles de obtener en el campo.<\/p>\n\n\n\n<p><\/p>\n\n\n\n<p>Se invita a toda la comunidad a participar de esta propuesta que <strong>forma parte de nuestro legado cultural.<\/strong><\/p>\n\n\n\n<p><\/p>\n\n\n\n<p><strong>Por consultas: <\/strong>correo electr\u00f3nico: museoespigas@gmail.com o al tel\u00e9fono 2284717787<\/p>\n\n\n\n<p><br>Se recuerdan los <strong>horarios del Museo,<\/strong> de mi\u00e9rcoles a viernes de 9 a 15 horas y s\u00e1bados y domingos de 15 a 18 horas (horario de invierno).<\/p>\n","protected":false},"excerpt":{"rendered":"<p>Se desarrollan en distintos puntos del Partido de Olavarr\u00eda. Las actividades continuar\u00e1n el fin de semana. Con una gran participaci\u00f3n<\/p>\n","protected":false},"author":5,"featured_media":175273,"comment_status":"closed","ping_status":"closed","sticky":false,"template":"","format":"standard","meta":{"_jetpack_memberships_contains_paid_content":false,"footnotes":""},"categories":[5,1],"tags":[],"class_list":["post-175272","post","type-post","status-publish","format-standard","has-post-thumbnail","hentry","category-informacion-general","category-portada"],"jetpack_featured_media_url":"https:\/\/i0.wp.com\/cdnoticias.com\/wp-content\/uploads\/2025\/06\/fogatas-01.png?fit=800%2C445&ssl=1","jetpack_sharing_enabled":true,"_links":{"self":[{"href":"https:\/\/cdnoticias.com\/index.php\/wp-json\/wp\/v2\/posts\/175272","targetHints":{"allow":["GET"]}}],"collection":[{"href":"https:\/\/cdnoticias.com\/index.php\/wp-json\/wp\/v2\/posts"}],"about":[{"href":"https:\/\/cdnoticias.com\/index.php\/wp-json\/wp\/v2\/types\/post"}],"author":[{"embeddable":true,"href":"https:\/\/cdnoticias.com\/index.php\/wp-json\/wp\/v2\/users\/5"}],"replies":[{"embeddable":true,"href":"https:\/\/cdnoticias.com\/index.php\/wp-json\/wp\/v2\/comments?post=175272"}],"version-history":[{"count":0,"href":"https:\/\/cdnoticias.com\/index.php\/wp-json\/wp\/v2\/posts\/175272\/revisions"}],"wp:featuredmedia":[{"embeddable":true,"href":"https:\/\/cdnoticias.com\/index.php\/wp-json\/wp\/v2\/media\/175273"}],"wp:attachment":[{"href":"https:\/\/cdnoticias.com\/index.php\/wp-json\/wp\/v2\/media?parent=175272"}],"wp:term":[{"taxonomy":"category","embeddable":true,"href":"https:\/\/cdnoticias.com\/index.php\/wp-json\/wp\/v2\/categories?post=175272"},{"taxonomy":"post_tag","embeddable":true,"href":"https:\/\/cdnoticias.com\/index.php\/wp-json\/wp\/v2\/tags?post=175272"}],"curies":[{"name":"wp","href":"https:\/\/api.w.org\/{rel}","templated":true}]}}