{"id":175253,"date":"2025-06-26T08:30:39","date_gmt":"2025-06-26T11:30:39","guid":{"rendered":"https:\/\/cdnoticias.com\/?p=175253"},"modified":"2025-06-26T11:21:30","modified_gmt":"2025-06-26T14:21:30","slug":"una-perdida-de-monoxido-de-carbono-afecto-el-hospital-de-pediatria","status":"publish","type":"post","link":"https:\/\/cdnoticias.com\/index.php\/2025\/06\/26\/una-perdida-de-monoxido-de-carbono-afecto-el-hospital-de-pediatria\/","title":{"rendered":"Una p\u00e9rdida de mon\u00f3xido de carbono afect\u00f3 el Hospital de Pediatr\u00eda"},"content":{"rendered":"<p>Fue en la madrugada de este jueves. El Municipio inform\u00f3 que se activ\u00f3 el protocolo correspondiente y que todos los pacientes est\u00e1n en atenci\u00f3n. Camuzzi realiz\u00f3 una inspecci\u00f3n.<!--more--><\/p>\n<hr \/>\n<p><strong>Una p\u00e9rdida de mon\u00f3xido de carbono<\/strong> afect\u00f3 el <strong>Hospital de Pediatr\u00eda<\/strong> en la madrugada de este jueves.<\/p>\n<blockquote><p>Oficialmente se dio a conocer desde el Municipio de Olavarr\u00eda que \u201cen la madrugada de hoy hubo una p\u00e9rdida de mon\u00f3xido de carbono en el \u00e1rea de Pediatr\u00eda del Hospital Municipal Dr. H\u00e9ctor Cura. Inmediatamente se activ\u00f3 el protocolo correspondiente y se est\u00e1 atendiendo a todos los pacientes que se encuentran en el piso a modo de control\u201d.<\/p><\/blockquote>\n<p>Puntualmente, <strong>la p\u00e9rdida se localiz\u00f3 en el primer piso<\/strong> del edificio del \u201cCentro de Medicina Infantil Amalia Lacroze de Fortabat\u201d ubicado sobre Rivadavia al 4100. Cabe se\u00f1alar que all\u00ed <strong>est\u00e1 el \u00e1rea de internaciones.<\/strong><\/p>\n<p>Se indic\u00f3 adem\u00e1s que \u201cpriorizando la seguridad de pacientes y de todo el personal <strong>se apagaron los sistemas de calefacci\u00f3n<\/strong> del \u00e1rea, se realiz\u00f3 una <strong>inspecci\u00f3n junto a Camuzzi<\/strong> y se contin\u00faa trabajando en el <strong>sistema de calderas<\/strong> para garantizar su correcto funcionamiento\u201d.<\/p>\n<p>Finalmente, se destac\u00f3 que luego de activado el protocolo, <strong>Defensa Civil y Camuzzi realizaron una medici\u00f3n y \u201cdio cero\u201d de mon\u00f3xido de carbono<\/strong>.<\/p>\n","protected":false},"excerpt":{"rendered":"<p>Fue en la madrugada de este jueves. El Municipio inform\u00f3 que se activ\u00f3 el protocolo correspondiente y que todos los<\/p>\n","protected":false},"author":4,"featured_media":114835,"comment_status":"closed","ping_status":"closed","sticky":false,"template":"","format":"standard","meta":{"_jetpack_memberships_contains_paid_content":false,"footnotes":""},"categories":[5,1],"tags":[],"class_list":["post-175253","post","type-post","status-publish","format-standard","has-post-thumbnail","hentry","category-informacion-general","category-portada"],"jetpack_featured_media_url":"https:\/\/i0.wp.com\/cdnoticias.com\/wp-content\/uploads\/2024\/04\/hospital-pediatria-00.jpg?fit=800%2C445&ssl=1","jetpack_sharing_enabled":true,"_links":{"self":[{"href":"https:\/\/cdnoticias.com\/index.php\/wp-json\/wp\/v2\/posts\/175253","targetHints":{"allow":["GET"]}}],"collection":[{"href":"https:\/\/cdnoticias.com\/index.php\/wp-json\/wp\/v2\/posts"}],"about":[{"href":"https:\/\/cdnoticias.com\/index.php\/wp-json\/wp\/v2\/types\/post"}],"author":[{"embeddable":true,"href":"https:\/\/cdnoticias.com\/index.php\/wp-json\/wp\/v2\/users\/4"}],"replies":[{"embeddable":true,"href":"https:\/\/cdnoticias.com\/index.php\/wp-json\/wp\/v2\/comments?post=175253"}],"version-history":[{"count":0,"href":"https:\/\/cdnoticias.com\/index.php\/wp-json\/wp\/v2\/posts\/175253\/revisions"}],"wp:featuredmedia":[{"embeddable":true,"href":"https:\/\/cdnoticias.com\/index.php\/wp-json\/wp\/v2\/media\/114835"}],"wp:attachment":[{"href":"https:\/\/cdnoticias.com\/index.php\/wp-json\/wp\/v2\/media?parent=175253"}],"wp:term":[{"taxonomy":"category","embeddable":true,"href":"https:\/\/cdnoticias.com\/index.php\/wp-json\/wp\/v2\/categories?post=175253"},{"taxonomy":"post_tag","embeddable":true,"href":"https:\/\/cdnoticias.com\/index.php\/wp-json\/wp\/v2\/tags?post=175253"}],"curies":[{"name":"wp","href":"https:\/\/api.w.org\/{rel}","templated":true}]}}