{"id":175251,"date":"2025-06-26T08:21:51","date_gmt":"2025-06-26T11:21:51","guid":{"rendered":"https:\/\/cdnoticias.com\/?p=175251"},"modified":"2025-06-26T08:21:52","modified_gmt":"2025-06-26T11:21:52","slug":"basilia-rosa-monastra-rosita-q-e-p-d","status":"publish","type":"post","link":"https:\/\/cdnoticias.com\/index.php\/2025\/06\/26\/basilia-rosa-monastra-rosita-q-e-p-d\/","title":{"rendered":"Basilia Rosa Monastra &#8220;Rosita&#8221; (Q.E.P.D.)"},"content":{"rendered":"<p>Falleci\u00f3 en Olavarr\u00eda el d\u00eda 25 de junio de 2025 a los 79 a\u00f1os de edad.<\/p>\n<p>Sus hermanas: Mabel y Chela; sus sobrinos: Yamil, Ana Laura y Alberto; sus amigas: Lilian y Rosita; su hijo en el afecto Germ\u00e1n y dem\u00e1s deudos participan su fallecimiento.<\/p>\n<p>Velatorio: Espa\u00f1a 2942, Departamento &#8220;C &#8220;. Jueves 26\/06 de 12 a 13 hs. Responso: Capilla Ardiente. Inhumaci\u00f3n: Crematorio Pinos de Paz, en d\u00eda a confirmar. Servicio adherido a Coopelectric.<\/p>\n<p>Barrio en el que viv\u00eda: Luj\u00e1n<\/p>\n<p>Lugar de nacimiento: Olavarr\u00eda<\/p>\n<p>Actividad que desarrollaba: Propietaria del Kiosco &#8220;Rosita&#8221; del Barrio Luj\u00e1n<\/p>\n","protected":false},"excerpt":{"rendered":"<p>Falleci\u00f3 en Olavarr\u00eda el d\u00eda 25 de junio de 2025 a los 79 a\u00f1os de edad. Sus hermanas: Mabel y<\/p>\n","protected":false},"author":4,"featured_media":51544,"comment_status":"closed","ping_status":"closed","sticky":false,"template":"","format":"standard","meta":{"_jetpack_memberships_contains_paid_content":false,"footnotes":""},"categories":[10],"tags":[],"class_list":["post-175251","post","type-post","status-publish","format-standard","has-post-thumbnail","hentry","category-necrologicas"],"jetpack_featured_media_url":"https:\/\/i0.wp.com\/cdnoticias.com\/wp-content\/uploads\/2022\/04\/necrologicas-390-x-240.jpg?fit=390%2C240&ssl=1","jetpack_sharing_enabled":true,"_links":{"self":[{"href":"https:\/\/cdnoticias.com\/index.php\/wp-json\/wp\/v2\/posts\/175251","targetHints":{"allow":["GET"]}}],"collection":[{"href":"https:\/\/cdnoticias.com\/index.php\/wp-json\/wp\/v2\/posts"}],"about":[{"href":"https:\/\/cdnoticias.com\/index.php\/wp-json\/wp\/v2\/types\/post"}],"author":[{"embeddable":true,"href":"https:\/\/cdnoticias.com\/index.php\/wp-json\/wp\/v2\/users\/4"}],"replies":[{"embeddable":true,"href":"https:\/\/cdnoticias.com\/index.php\/wp-json\/wp\/v2\/comments?post=175251"}],"version-history":[{"count":0,"href":"https:\/\/cdnoticias.com\/index.php\/wp-json\/wp\/v2\/posts\/175251\/revisions"}],"wp:featuredmedia":[{"embeddable":true,"href":"https:\/\/cdnoticias.com\/index.php\/wp-json\/wp\/v2\/media\/51544"}],"wp:attachment":[{"href":"https:\/\/cdnoticias.com\/index.php\/wp-json\/wp\/v2\/media?parent=175251"}],"wp:term":[{"taxonomy":"category","embeddable":true,"href":"https:\/\/cdnoticias.com\/index.php\/wp-json\/wp\/v2\/categories?post=175251"},{"taxonomy":"post_tag","embeddable":true,"href":"https:\/\/cdnoticias.com\/index.php\/wp-json\/wp\/v2\/tags?post=175251"}],"curies":[{"name":"wp","href":"https:\/\/api.w.org\/{rel}","templated":true}]}}