{"id":175248,"date":"2025-06-26T09:04:16","date_gmt":"2025-06-26T12:04:16","guid":{"rendered":"https:\/\/cdnoticias.com\/?p=175248"},"modified":"2025-06-26T16:11:09","modified_gmt":"2025-06-26T19:11:09","slug":"en-vivo-con-homenajes-y-pedidos-de-informe-sesiona-el-concejo-deliberante","status":"publish","type":"post","link":"https:\/\/cdnoticias.com\/index.php\/2025\/06\/26\/en-vivo-con-homenajes-y-pedidos-de-informe-sesiona-el-concejo-deliberante\/","title":{"rendered":"EN VIVO &#8211; Con homenajes y pedidos de informe, sesiona el Concejo Deliberante"},"content":{"rendered":"\n<p>Ser\u00e1 la octava sesi\u00f3n del a\u00f1o. Homenajear\u00e1n a Alejandro Diez y Guillermo Marcone por sus trayectorias deportivas. Entre los pedidos de informe, se buscar\u00e1 conocer informaci\u00f3n sobre el servicio Samak y la situaci\u00f3n del Iteco.<\/p>\n\n\n\n<hr class=\"wp-block-separator aligncenter has-alpha-channel-opacity\"\/>\n\n\n\n<p>Este jueves desde las 09:00 horas en el recinto del Centro de Convenciones,<strong> se realizar\u00e1 la octava sesi\u00f3n ordinaria del Concejo Deliberante, con varios proyectos, homenajes y tambi\u00e9n pedidos de informes.<\/strong><\/p>\n\n\n\n<p>La sesi\u00f3n podr\u00e1 seguirse <strong>en vivo a trav\u00e9s del canal de Youtube del HCD<\/strong>:<\/p>\n\n\n\n<figure class=\"wp-block-embed is-type-video is-provider-youtube wp-block-embed-youtube wp-embed-aspect-4-3 wp-has-aspect-ratio\"><div class=\"wp-block-embed__wrapper\">\n<iframe loading=\"lazy\" title=\"OCTAVA (8\u00b0) SESI\u00d3N ORDINARIA DEL PER\u00cdODO DELIBERATIVO 2025\" width=\"800\" height=\"600\" src=\"https:\/\/www.youtube.com\/embed\/CSaNZFwMQQM?feature=oembed\" frameborder=\"0\" allow=\"accelerometer; autoplay; clipboard-write; encrypted-media; gyroscope; picture-in-picture; web-share\" referrerpolicy=\"strict-origin-when-cross-origin\" allowfullscreen><\/iframe>\n<\/div><\/figure>\n\n\n\n<p><\/p>\n\n\n\n<h2 class=\"wp-block-heading\">Los temas del d\u00eda<\/h2>\n\n\n\n<p><\/p>\n\n\n\n<p>Primeramente, se tratar\u00e1 un <strong>pedido de licencia de la concejal Mar\u00eda Jos\u00e9 Gonz\u00e1lez <\/strong>(que ser\u00e1 reemplazada por Bel\u00e9n Vergel) y luego comenzar\u00e1 la sesi\u00f3n: <strong>se buscar\u00e1 imponer el nombre \u201cJuan Jos\u00e9 Maceo\u201d al puente de calle Necochea entre Riobamba y Brown.<\/strong><\/p>\n\n\n\n<p>Adem\u00e1s, <strong>se buscar\u00e1 declarar de inter\u00e9s legislativo la 19\u00b0 edici\u00f3n del torneo de invierno de f\u00fatbol infantil \u201cCopa Amadeo Bellingeri\u201d <\/strong>que se realizar\u00e1 en El Fort\u00edn del 21 al 25 de julio.<\/p>\n\n\n\n<p>El bloque<strong> Uni\u00f3n por la Patria impulsar\u00e1, a su vez, dos homenajes a \u201cvecinos destacados\u201d de nuestra ciudad: por un lado, el jugador de b\u00e1squet Alejandro Diez por su amplia trayectoria en el primer nivel de este deporte, y tambi\u00e9n para el doctor Antonio Guillermo Marcone, por su participaci\u00f3n en los \u201cMedigames\u201d.<\/strong><\/p>\n\n\n\n<p>Luego, <strong>el bloque UCR solicitar\u00e1 dos pedidos de informe y una resoluci\u00f3n que tambi\u00e9n solicita informaci\u00f3n<\/strong>: por un lado, buscan conocer la situaci\u00f3n del Servicio Privado de Emergencias M\u00e9dicas \u201cSamak\u201d, por otro, referido a la situaci\u00f3n actual del Instituto Tecnol\u00f3gico Olavarr\u00eda (Iteco). Finalmente, solicitar\u00e1n al Ejecutivo informes semestrales de la Asociaci\u00f3n de Bomberos Voluntarios de Olavarr\u00eda.<\/p>\n\n\n\n<p><strong>Varios bloques buscar\u00e1n el rechazo a la <em>\u201cadhesi\u00f3n del Municipio, junto con el STMO, a la marcha convocada el pasado 18 de junio\u201d<\/em> a Plaza de Mayo en apoyo a Cristina Fern\u00e1ndez de Kirchner.<\/strong><\/p>\n\n\n\n<p>Para cerrar, <strong>La Libertad Avanza tambi\u00e9n solicitar\u00e1 informes<\/strong>, en este caso referido al Programa Municipal de Acompa\u00f1amiento de Residencias de Adultos Mayores.<\/p>\n","protected":false},"excerpt":{"rendered":"<p>Ser\u00e1 la octava sesi\u00f3n del a\u00f1o. Homenajear\u00e1n a Alejandro Diez y Guillermo Marcone por sus trayectorias deportivas. Entre los pedidos<\/p>\n","protected":false},"author":2,"featured_media":172168,"comment_status":"closed","ping_status":"closed","sticky":false,"template":"","format":"standard","meta":{"_jetpack_memberships_contains_paid_content":false,"footnotes":""},"categories":[4,1],"tags":[],"class_list":["post-175248","post","type-post","status-publish","format-standard","has-post-thumbnail","hentry","category-politica","category-portada"],"jetpack_featured_media_url":"https:\/\/i0.wp.com\/cdnoticias.com\/wp-content\/uploads\/2025\/05\/HCD-sesion-22-de-mayo-rechazado-RC-02.jpg?fit=800%2C445&ssl=1","jetpack_sharing_enabled":true,"_links":{"self":[{"href":"https:\/\/cdnoticias.com\/index.php\/wp-json\/wp\/v2\/posts\/175248","targetHints":{"allow":["GET"]}}],"collection":[{"href":"https:\/\/cdnoticias.com\/index.php\/wp-json\/wp\/v2\/posts"}],"about":[{"href":"https:\/\/cdnoticias.com\/index.php\/wp-json\/wp\/v2\/types\/post"}],"author":[{"embeddable":true,"href":"https:\/\/cdnoticias.com\/index.php\/wp-json\/wp\/v2\/users\/2"}],"replies":[{"embeddable":true,"href":"https:\/\/cdnoticias.com\/index.php\/wp-json\/wp\/v2\/comments?post=175248"}],"version-history":[{"count":0,"href":"https:\/\/cdnoticias.com\/index.php\/wp-json\/wp\/v2\/posts\/175248\/revisions"}],"wp:featuredmedia":[{"embeddable":true,"href":"https:\/\/cdnoticias.com\/index.php\/wp-json\/wp\/v2\/media\/172168"}],"wp:attachment":[{"href":"https:\/\/cdnoticias.com\/index.php\/wp-json\/wp\/v2\/media?parent=175248"}],"wp:term":[{"taxonomy":"category","embeddable":true,"href":"https:\/\/cdnoticias.com\/index.php\/wp-json\/wp\/v2\/categories?post=175248"},{"taxonomy":"post_tag","embeddable":true,"href":"https:\/\/cdnoticias.com\/index.php\/wp-json\/wp\/v2\/tags?post=175248"}],"curies":[{"name":"wp","href":"https:\/\/api.w.org\/{rel}","templated":true}]}}