{"id":175234,"date":"2025-06-26T17:31:58","date_gmt":"2025-06-26T20:31:58","guid":{"rendered":"https:\/\/cdnoticias.com\/?p=175234"},"modified":"2025-06-26T17:32:00","modified_gmt":"2025-06-26T20:32:00","slug":"la-edicion-del-mini-gym-sera-a-beneficio-del-centro-de-dia-un-dia-nuevo","status":"publish","type":"post","link":"https:\/\/cdnoticias.com\/index.php\/2025\/06\/26\/la-edicion-del-mini-gym-sera-a-beneficio-del-centro-de-dia-un-dia-nuevo\/","title":{"rendered":"La edici\u00f3n del Mini Gym ser\u00e1 a beneficio del Centro de D\u00eda \u201cUn D\u00eda Nuevo\u201d"},"content":{"rendered":"\n<p>El Mini Gym se realizar\u00e1 este s\u00e1bado, a partir de las 14 horas, en el Maxi Gimnasio del Club Atl\u00e9tico Estudiantes, con la participaci\u00f3n de alrededor de m\u00e1s de 20 grupos de distintas edades.<\/p>\n\n\n\n<hr class=\"wp-block-separator aligncenter has-alpha-channel-opacity\"\/>\n\n\n\n<p>Se llevar\u00e1 a cabo una<strong> nueva edici\u00f3n del Mini Gym,<\/strong> el tradicional<strong> encuentro de gimnasia infantil<\/strong> organizado desde el Municipio de Olavarr\u00eda que a\u00f1o a a\u00f1o convoca a chicos y chicas de distintas instituciones y programas municipales, en un masivo evento que conjuga el color, la diversi\u00f3n, la familia y tambi\u00e9n la solidaridad.\u00a0<\/p>\n\n\n\n<p><\/p>\n\n\n\n<blockquote class=\"wp-block-quote is-layout-flow wp-block-quote-is-layout-flow\">\n<p>En esta ocasi\u00f3n la actividad ser\u00e1 en beneficio del Centro de D\u00eda \u201cUn D\u00eda Nuevo\u201d, que brinda acompa\u00f1amiento y actividades a personas con par\u00e1lisis cerebral.<\/p>\n<\/blockquote>\n\n\n\n<p><\/p>\n\n\n\n<p>El Mini Gym <strong>se realizar\u00e1 este s\u00e1bado, a partir de las 14 horas<\/strong>, en el <strong>Maxigimnasio del Club Atl\u00e9tico Estudiantes,<\/strong> con la participaci\u00f3n de alrededor de<strong> m\u00e1s de 20 grupos de distintas edades<\/strong>, quienes representar\u00e1n a distintas instituciones, gimnasios y programas municipales con coloridas coreograf\u00edas de baile y gimnasia.<\/p>\n\n\n\n<p><\/p>\n\n\n\n<p>En ese marco, en la jornada de este martes la secretaria de Desarrollo de la Comunidad <strong>Laura Gamberini <\/strong>y el subsecretario de Deportes <strong>Juan Pablo Arouxet <\/strong>visitaron la instituci\u00f3n ubicada sobre Fassina al 824, donde fueron recibidos por su <strong>presidenta Ana Vega y referentes institucionales.<\/strong><\/p>\n\n\n\n<p><\/p>\n\n\n\n<figure class=\"wp-block-image aligncenter size-full\"><img data-recalc-dims=\"1\" loading=\"lazy\" decoding=\"async\" width=\"800\" height=\"435\" src=\"https:\/\/i0.wp.com\/cdnoticias.com\/wp-content\/uploads\/2025\/06\/minigym-institucion-beneficio2.png?resize=800%2C435&#038;ssl=1\" alt=\"\" class=\"wp-image-175235\" srcset=\"https:\/\/i0.wp.com\/cdnoticias.com\/wp-content\/uploads\/2025\/06\/minigym-institucion-beneficio2.png?w=885&amp;ssl=1 885w, https:\/\/i0.wp.com\/cdnoticias.com\/wp-content\/uploads\/2025\/06\/minigym-institucion-beneficio2.png?resize=300%2C163&amp;ssl=1 300w, https:\/\/i0.wp.com\/cdnoticias.com\/wp-content\/uploads\/2025\/06\/minigym-institucion-beneficio2.png?resize=768%2C417&amp;ssl=1 768w\" sizes=\"auto, (max-width: 800px) 100vw, 800px\" \/><\/figure>\n\n\n\n<p><\/p>\n\n\n\n<blockquote class=\"wp-block-quote is-layout-flow wp-block-quote-is-layout-flow\">\n<p>En la actividad recorrieron las instalaciones y dialogaron acerca de la realidad de la entidad, como as\u00ed tambi\u00e9n las actividades que llevan a cabo y proyectos e iniciativas de cara al futuro.<\/p>\n<\/blockquote>\n\n\n\n<p><\/p>\n\n\n\n<p>En ese sentido, referentes del Centro de D\u00eda agradecieron haber sido<strong> elegidos como beneficiarios de la actividad <\/strong>y narraron que con el dinero que se recaude el pr\u00f3ximo fin de semana tienen pensado<strong> adquirir elementos para la pr\u00e1ctica de boccia<\/strong>, un deporte que como su nombre lo indica tiene origen en las tradicionales bochas pero adaptado para personas con discapacidad.\u00a0<\/p>\n\n\n\n<p><\/p>\n\n\n\n<blockquote class=\"wp-block-quote is-layout-flow wp-block-quote-is-layout-flow\">\n<p>Se trata de una disciplina que chicos y chicas que concurren a Un Nuevo D\u00eda realizan de manera regular, al punto que, por ejemplo, d\u00edas atr\u00e1s participaron de la instancia local de los Juegos Bonaerenses.<\/p>\n<\/blockquote>\n\n\n\n<p><\/p>\n\n\n\n<p>\u201cUn D\u00eda Nuevo\u201d es una entidad local que ha logrado el reconocimiento de toda la comunidad a partir de su labor incansable por m\u00e1s de una d\u00e9cada, basada principalmente en el amor y la empat\u00eda.<\/p>\n\n\n\n<p><\/p>\n\n\n\n<p>Se recuerda que <strong>la entrada al evento ser\u00e1 una donaci\u00f3n a voluntad que podr\u00e1 realizarse \u00fanicamente a trav\u00e9s de billeteras virtuales.<\/strong> El alias (minigym.muni.olava) y CBU (0140337201637906072254) dispuesto especialmente para la ocasi\u00f3n estar\u00e1n disponibles en distintos espacios del Maxi Gimnasio.<\/p>\n\n\n\n<p><\/p>\n","protected":false},"excerpt":{"rendered":"<p>El Mini Gym se realizar\u00e1 este s\u00e1bado, a partir de las 14 horas, en el Maxi Gimnasio del Club Atl\u00e9tico<\/p>\n","protected":false},"author":6,"featured_media":175236,"comment_status":"closed","ping_status":"closed","sticky":false,"template":"","format":"standard","meta":{"_jetpack_memberships_contains_paid_content":false,"footnotes":""},"categories":[5,1],"tags":[],"class_list":["post-175234","post","type-post","status-publish","format-standard","has-post-thumbnail","hentry","category-informacion-general","category-portada"],"jetpack_featured_media_url":"https:\/\/i0.wp.com\/cdnoticias.com\/wp-content\/uploads\/2025\/06\/minigym-institucion-beneficio.png?fit=890%2C511&ssl=1","jetpack_sharing_enabled":true,"_links":{"self":[{"href":"https:\/\/cdnoticias.com\/index.php\/wp-json\/wp\/v2\/posts\/175234","targetHints":{"allow":["GET"]}}],"collection":[{"href":"https:\/\/cdnoticias.com\/index.php\/wp-json\/wp\/v2\/posts"}],"about":[{"href":"https:\/\/cdnoticias.com\/index.php\/wp-json\/wp\/v2\/types\/post"}],"author":[{"embeddable":true,"href":"https:\/\/cdnoticias.com\/index.php\/wp-json\/wp\/v2\/users\/6"}],"replies":[{"embeddable":true,"href":"https:\/\/cdnoticias.com\/index.php\/wp-json\/wp\/v2\/comments?post=175234"}],"version-history":[{"count":0,"href":"https:\/\/cdnoticias.com\/index.php\/wp-json\/wp\/v2\/posts\/175234\/revisions"}],"wp:featuredmedia":[{"embeddable":true,"href":"https:\/\/cdnoticias.com\/index.php\/wp-json\/wp\/v2\/media\/175236"}],"wp:attachment":[{"href":"https:\/\/cdnoticias.com\/index.php\/wp-json\/wp\/v2\/media?parent=175234"}],"wp:term":[{"taxonomy":"category","embeddable":true,"href":"https:\/\/cdnoticias.com\/index.php\/wp-json\/wp\/v2\/categories?post=175234"},{"taxonomy":"post_tag","embeddable":true,"href":"https:\/\/cdnoticias.com\/index.php\/wp-json\/wp\/v2\/tags?post=175234"}],"curies":[{"name":"wp","href":"https:\/\/api.w.org\/{rel}","templated":true}]}}