{"id":175197,"date":"2025-06-26T08:51:15","date_gmt":"2025-06-26T11:51:15","guid":{"rendered":"https:\/\/cdnoticias.com\/?p=175197"},"modified":"2025-06-26T14:20:19","modified_gmt":"2025-06-26T17:20:19","slug":"entrega-de-panales-de-pami-hay-un-principio-de-respuesta-para-quienes-aun-no-los-recibieron","status":"publish","type":"post","link":"https:\/\/cdnoticias.com\/index.php\/2025\/06\/26\/entrega-de-panales-de-pami-hay-un-principio-de-respuesta-para-quienes-aun-no-los-recibieron\/","title":{"rendered":"Entrega de pa\u00f1ales de PAMI: hay un principio de respuesta para quienes a\u00fan no los recibieron"},"content":{"rendered":"<p>\u201cTengo una luz de esperanza de que los pa\u00f1ales est\u00e1n en camino\u201d dijo Alejandra Torres a Central de Noticias. El lunes accedi\u00f3 a un sistema de seguimiento del env\u00edo en el correo y PAMI respondi\u00f3 a su reclamo.<!--more--><\/p>\n<hr \/>\n<p>La semana pasada <strong>Central de Noticias<\/strong> expuso <strong>una problem\u00e1tica que afecta a numerosos afiliados de PAMI en Olavarr\u00eda<\/strong> vinculada a la <strong>falta de acceso a los Higi\u00e9nicos Absorbentes Descartables (H.A.D.)<\/strong>. Se trata de los <strong>pa\u00f1ales<\/strong> que entrega la obra social y que hasta el mes pasado se distribu\u00edan a trav\u00e9s de las farmacias, pero en junio se modific\u00f3 el sistema para pasar a <strong>entrega en los domicilios a trav\u00e9s de un \u00fanico correo adjudicatario<\/strong> de la distribuci\u00f3n en todo el pa\u00eds.<\/p>\n<p>Hasta mayo la entrega en las farmacias se hac\u00eda en los primeros d\u00edas de mes, pero con este cambio, <strong>ya casi finalizando junio, hay afiliados que no han podido acceder a los pa\u00f1ales<\/strong>. Entre las quejas principales se cuentan la<strong> imposibilidad de comunicarse con PAMI<\/strong>. Aunque se pudo confirmar que <strong>en los \u00faltimos d\u00edas hubo un principio de respuesta<\/strong>.<\/p>\n<p>Los afectados con los que habl\u00f3 <strong>Central de Noticias<\/strong> coincidieron en se\u00f1alar que <em>nunca tuvieron problemas con la entrega en las farmacias y lamentaron el cambio<\/em>. La semana pasada el<strong> titular de PAMI Olavarr\u00eda, Guillermo Lascano<\/strong>, inform\u00f3 que se entregan mensualmente en Olavarr\u00eda pa\u00f1ales para <strong>unos 900 afiliados<\/strong>. Asegur\u00f3 que<strong> \u201cun 80% aproximadamente\u201d ya se hab\u00eda entregado y que \u201ctodav\u00eda resta una parte, un 20%\u201d<\/strong>. Los afiliados afectados<strong> cuestionaron esas cifras y sostuvieron que son m\u00e1s<\/strong>, apuntaron especialmente a los <em>hogares y residencias de adultos mayores donde se\u00f1alaron que muchas personas no recibieron los pa\u00f1ales<\/em>.<\/p>\n<p>Para este lunes se busc\u00f3 convocar a una manifestaci\u00f3n en la sede de PAMI local, de calle Dorrego, pero no logr\u00f3 asistencia nutrida, lo que se explic\u00f3 por las condiciones del clima ya que fue una de las jornadas m\u00e1s fr\u00edas de la temporada.<strong> \u201c\u00c9ramos 3 personas. Una se\u00f1ora, un hombre y yo. Cuando intent\u00e1s hacer algo con reclamo nadie se suma\u201d<\/strong> se quej\u00f3 <strong>Alejandra Torres<\/strong>, quien estuvo el lunes por la ma\u00f1ana en PAMI. Ella impulsa el reclamo para su mam\u00e1, quien es la afiliada jubilada.<\/p>\n<blockquote><p>Valor\u00f3 que ante la convocatoria a la manifestaci\u00f3n, \u201cen PAMI nos dieron un n\u00famero de seguimiento. Pero fue reci\u00e9n el lunes despu\u00e9s de reclamar y llamar a todos los n\u00fameros que me daban. Reci\u00e9n el lunes porque se enteraron que iba a ir gente a reclamar y empezaron a dar un n\u00famero de seguimiento\u201d. De esa manera, pudo acceder al sistema del correo adjudicatario, Urbano Express, y se mostr\u00f3 con cierto alivio, \u201cya vi que en el sistema est\u00e1. El tema es que los pa\u00f1ales los tendr\u00edan que haber entregado a principios de mes como correspond\u00eda\u201d dijo.<\/p><\/blockquote>\n<p><img data-recalc-dims=\"1\" loading=\"lazy\" decoding=\"async\" class=\"alignnone size-full wp-image-175049 aligncenter\" src=\"https:\/\/i0.wp.com\/cdnoticias.com\/wp-content\/uploads\/2025\/06\/pami-frente-02.jpg?resize=800%2C445&#038;ssl=1\" alt=\"\" width=\"800\" height=\"445\" srcset=\"https:\/\/i0.wp.com\/cdnoticias.com\/wp-content\/uploads\/2025\/06\/pami-frente-02.jpg?w=1000&amp;ssl=1 1000w, https:\/\/i0.wp.com\/cdnoticias.com\/wp-content\/uploads\/2025\/06\/pami-frente-02.jpg?resize=300%2C167&amp;ssl=1 300w, https:\/\/i0.wp.com\/cdnoticias.com\/wp-content\/uploads\/2025\/06\/pami-frente-02.jpg?resize=768%2C427&amp;ssl=1 768w, https:\/\/i0.wp.com\/cdnoticias.com\/wp-content\/uploads\/2025\/06\/pami-frente-02.jpg?resize=800%2C445&amp;ssl=1 800w\" sizes=\"auto, (max-width: 800px) 100vw, 800px\" \/><\/p>\n<p>En ese seguimiento<strong> los afiliados pueden verificar que existe el env\u00edo a su nombre y d\u00f3nde se encuentra. \u201cAhora me dice \u00b4en proceso de carga\u00b4\u201d<\/strong> cont\u00f3 Alejandra. Record\u00f3 todos los intentos de reclamar que hizo: <em>\u201cyo estuve todo el mes llamando a PAMI Escucha (138) y nunca contestaban.<\/em> Hasta que logr\u00e9 comunicarme y estuve dos horas en el tel\u00e9fono esperando que me contestaran para hacer el reclamo. <strong>Hoy me mandaron la respuesta al reclamo diciendo que hablaron con Urbano Expres diciendo que entre el 22 y el 30 de junio iba a recibir los pa\u00f1ales\u201d<\/strong>. Asimismo,<em> se present\u00f3 personalmente en las oficinas locales<\/em> de la obra social donde<em> \u201cme dec\u00edan que no ten\u00edan siquiera el n\u00famero de los repartidores de Olavarr\u00eda. No te daban respuesta\u201d<\/em>.<\/p>\n<p>En ese punto, remarc\u00f3 que a\u00fan no pudo acceder a los pa\u00f1ales, pero que \u201cya por lo menos me contestaron y en Urbano Express ahora s\u00ed aparece el pedido. <strong>Tengo una luz de esperanza de que los pa\u00f1ales est\u00e1n en camino\u201d<\/strong>.<\/p>\n<p>Entre las medidas de reclamo, <strong>la mujer incluso contact\u00f3 a la empresa de correo y logr\u00f3 hablar con un representante<\/strong> en Olavarr\u00eda. <em>\u201cMe dijo que ellos no ten\u00edan ni siquiera una orden para mi mam\u00e1\u201d<\/em> le respondieron.<\/p>\n<blockquote><p>Alejandra se inform\u00f3 sobre la forma de trabajo de la empresa de correos y concluy\u00f3 en que \u201cno tienen la log\u00edstica necesaria para hacer el reparto\u201d para considerar que \u201ces obvio que no puede hacerlo\u201d. Explic\u00f3 que la empresa recibe los pa\u00f1ales en Tandil desde donde se organiza la distribuci\u00f3n: \u201ctienen solo dos camionetas y les entran de 4 a 6 bultos por camioneta. Y las camionetas vienen de martes a viernes. Eso significa que van a terminar el a\u00f1o que viene de reparto\u201d.<\/p><\/blockquote>\n<p><img data-recalc-dims=\"1\" loading=\"lazy\" decoding=\"async\" class=\"alignnone size-full wp-image-175048 aligncenter\" src=\"https:\/\/i0.wp.com\/cdnoticias.com\/wp-content\/uploads\/2025\/06\/pami-frente-00.jpg?resize=800%2C445&#038;ssl=1\" alt=\"\" width=\"800\" height=\"445\" srcset=\"https:\/\/i0.wp.com\/cdnoticias.com\/wp-content\/uploads\/2025\/06\/pami-frente-00.jpg?w=1000&amp;ssl=1 1000w, https:\/\/i0.wp.com\/cdnoticias.com\/wp-content\/uploads\/2025\/06\/pami-frente-00.jpg?resize=300%2C167&amp;ssl=1 300w, https:\/\/i0.wp.com\/cdnoticias.com\/wp-content\/uploads\/2025\/06\/pami-frente-00.jpg?resize=768%2C427&amp;ssl=1 768w, https:\/\/i0.wp.com\/cdnoticias.com\/wp-content\/uploads\/2025\/06\/pami-frente-00.jpg?resize=800%2C445&amp;ssl=1 800w\" sizes=\"auto, (max-width: 800px) 100vw, 800px\" \/><\/p>\n<h3>La necesidad de los afiliados<\/h3>\n<p><strong>La mam\u00e1 de Alejandra utiliza 120 pa\u00f1ales por mes<\/strong> y la \u00faltima vez que pudo recibirlos de PAMI fue el 3 de mayo: <strong>\u201cmi mam\u00e1 se qued\u00f3 sin pa\u00f1ales el 3 de junio\u201d<\/strong> subray\u00f3.<\/p>\n<p>Ella no pod\u00eda comprarlos, debido al alto costo. <strong>Un paquete de pa\u00f1ales de 50 unidades \u201cnormales\u201d sale 20 mil pesos<\/strong>. Los que son elastizados, que son los que requiere esta afiliada, tienen un costo mucho mayor: <strong>el paquete de 16 unidades ronda los 40 mil pesos<\/strong>. La mujer en di\u00e1logo con <strong>Central de Noticias<\/strong> sostuvo que <em>\u201ces una locura afrontar esos costos con las jubilaciones, no se puede\u201d.<\/em><\/p>\n<p>Durante este mes, <strong>logr\u00f3 abastecer a su mam\u00e1 mediante la compra de un paquete<\/strong> para el que Alejandra reuni\u00f3 fondos de la familia y tambi\u00e9n <strong>recibi\u00f3 una donaci\u00f3n de dos paquetes de 30 unidades<\/strong>.<\/p>\n<blockquote><p>Por \u00faltimo, la mujer cont\u00f3 que habitualmente tiene problemas para acceder a la medicaci\u00f3n, para lo cual tambi\u00e9n debe efectuar reclamos en forma presencial en la sede de PAMI. \u201cSiempre ten\u00e9s que estar enojando y haciendo l\u00edo para poder tener una respuesta\u201d lament\u00f3.<\/p><\/blockquote>\n","protected":false},"excerpt":{"rendered":"<p>\u201cTengo una luz de esperanza de que los pa\u00f1ales est\u00e1n en camino\u201d dijo Alejandra Torres a Central de Noticias. El<\/p>\n","protected":false},"author":4,"featured_media":175198,"comment_status":"closed","ping_status":"closed","sticky":false,"template":"","format":"standard","meta":{"_jetpack_memberships_contains_paid_content":false,"footnotes":""},"categories":[5,1],"tags":[],"class_list":["post-175197","post","type-post","status-publish","format-standard","has-post-thumbnail","hentry","category-informacion-general","category-portada"],"jetpack_featured_media_url":"https:\/\/i0.wp.com\/cdnoticias.com\/wp-content\/uploads\/2025\/06\/panales-PAMI-00.jpg?fit=1000%2C556&ssl=1","jetpack_sharing_enabled":true,"_links":{"self":[{"href":"https:\/\/cdnoticias.com\/index.php\/wp-json\/wp\/v2\/posts\/175197","targetHints":{"allow":["GET"]}}],"collection":[{"href":"https:\/\/cdnoticias.com\/index.php\/wp-json\/wp\/v2\/posts"}],"about":[{"href":"https:\/\/cdnoticias.com\/index.php\/wp-json\/wp\/v2\/types\/post"}],"author":[{"embeddable":true,"href":"https:\/\/cdnoticias.com\/index.php\/wp-json\/wp\/v2\/users\/4"}],"replies":[{"embeddable":true,"href":"https:\/\/cdnoticias.com\/index.php\/wp-json\/wp\/v2\/comments?post=175197"}],"version-history":[{"count":0,"href":"https:\/\/cdnoticias.com\/index.php\/wp-json\/wp\/v2\/posts\/175197\/revisions"}],"wp:featuredmedia":[{"embeddable":true,"href":"https:\/\/cdnoticias.com\/index.php\/wp-json\/wp\/v2\/media\/175198"}],"wp:attachment":[{"href":"https:\/\/cdnoticias.com\/index.php\/wp-json\/wp\/v2\/media?parent=175197"}],"wp:term":[{"taxonomy":"category","embeddable":true,"href":"https:\/\/cdnoticias.com\/index.php\/wp-json\/wp\/v2\/categories?post=175197"},{"taxonomy":"post_tag","embeddable":true,"href":"https:\/\/cdnoticias.com\/index.php\/wp-json\/wp\/v2\/tags?post=175197"}],"curies":[{"name":"wp","href":"https:\/\/api.w.org\/{rel}","templated":true}]}}