{"id":175141,"date":"2025-06-24T20:49:51","date_gmt":"2025-06-24T23:49:51","guid":{"rendered":"https:\/\/cdnoticias.com\/?p=175141"},"modified":"2025-06-25T11:44:45","modified_gmt":"2025-06-25T14:44:45","slug":"lisandro-aristimuno-me-gusta-que-el-vivo-tenga-algo-distinto-a-los-discos","status":"publish","type":"post","link":"https:\/\/cdnoticias.com\/index.php\/2025\/06\/24\/lisandro-aristimuno-me-gusta-que-el-vivo-tenga-algo-distinto-a-los-discos\/","title":{"rendered":"Lisandro Aristimu\u00f1o: \u201cme gusta que el vivo tenga algo distinto a los discos\u201d"},"content":{"rendered":"\n<p>El cantautor se presentar\u00e1 en el Teatro Municipal este viernes y dialog\u00f3 con Central sobre sus 21 a\u00f1os de carrera, lo autogestivo y lo que se espera de su primer show en Argentina de su gira internacional. &nbsp;<\/p>\n\n\n\n<hr class=\"wp-block-separator aligncenter has-alpha-channel-opacity\"\/>\n\n\n\n<p><strong>Un artista del interior.<\/strong> Federal tambi\u00e9n podr\u00eda decirse, pero del interior en su trato, en su m\u00fasica, en sus ideas.<strong> Lisandro Aristimu\u00f1o llegar\u00e1 al Teatro Municipal este viernes para presentar \u201cEl rostro de los Acantilados\u201d en formato tr\u00edo junto a Lucas Argomedo en bajo y Mart\u00edn Casado en bater\u00eda, en la b\u00fasqueda de su esencia: con 21 a\u00f1os de trayectoria, reinventarse todo el tiempo.<\/strong><\/p>\n\n\n\n<p><strong>Una reinvenci\u00f3n que, claro, no escapa a su forma de ver el mundo.<\/strong> De lo autogestivo y de valorar los logros, por m\u00e1s peque\u00f1os que sean. En di\u00e1logo con<strong> Central de Noticias<\/strong>, durante el inicio de su gira que ya lo tuvo por Paraguay y Chile, cont\u00f3 que <strong>Olavarr\u00eda ser\u00e1 la primera ciudad del pa\u00eds en la que presentar\u00e1 este novedoso show.<\/strong> Tambi\u00e9n estar\u00e1 en Tandil y Necochea en los d\u00edas posteriores al espect\u00e1culo local.<\/p>\n\n\n\n<p><em>\u201cEstoy muy contento, siempre digo que tengo suerte de trabajar y vivir de esto y soy un agradecido. Poder vivir de algo que am\u00e1s, te gusta y adem\u00e1s poder conocer el pa\u00eds, conocer a mucha gente, culturas, es un sue\u00f1o tambi\u00e9n. <strong>Son regalos\u201d<\/strong> <\/em>dijo.<\/p>\n\n\n\n<p><strong>Aristimu\u00f1o, autor de 8 discos de estudio, varios singles y discos en vivo, es oriundo de Viedma. <\/strong>Ese contacto con su adolescencia y sus sue\u00f1os hacen valorar a\u00fan m\u00e1s sus shows en el interior del pa\u00eds.<em> \u201cRecuerdo cuando ten\u00eda 13 a\u00f1os me encantaba que vengan a cantar a mi ciudad y no tener que viajar a Buenos Aires para ir a ver algo. Muy pocos lo hac\u00edan\u201d.<\/em> Hoy,<em><strong> \u201ces como cumplir eso, ahora tengo un concierto, puedo tocar en todo el pa\u00eds, tengo esa ideolog\u00eda, federal, me gusta tocar en muchos lugares\u201d.<\/strong><\/em><\/p>\n\n\n\n<figure class=\"wp-block-image size-full\"><img data-recalc-dims=\"1\" loading=\"lazy\" decoding=\"async\" width=\"800\" height=\"460\" src=\"https:\/\/i0.wp.com\/cdnoticias.com\/wp-content\/uploads\/2025\/06\/aristimuno-lisandro1.jpg?resize=800%2C460&#038;ssl=1\" alt=\"\" class=\"wp-image-175143\" srcset=\"https:\/\/i0.wp.com\/cdnoticias.com\/wp-content\/uploads\/2025\/06\/aristimuno-lisandro1.jpg?w=880&amp;ssl=1 880w, https:\/\/i0.wp.com\/cdnoticias.com\/wp-content\/uploads\/2025\/06\/aristimuno-lisandro1.jpg?resize=300%2C173&amp;ssl=1 300w, https:\/\/i0.wp.com\/cdnoticias.com\/wp-content\/uploads\/2025\/06\/aristimuno-lisandro1.jpg?resize=768%2C442&amp;ssl=1 768w\" sizes=\"auto, (max-width: 800px) 100vw, 800px\" \/><\/figure>\n\n\n\n<p>Todo, sin dejar de lado<em> \u201cla independencia, la autogesti\u00f3n, porque a veces es dif\u00edcil llegar por cuestiones econ\u00f3micas. Llegar muy al norte o muy al sur es car\u00edsimo para llegar. Intentamos por todos los medios pero a veces es imposible, se gasta m\u00e1s de lo que se gana\u201d.<\/em><\/p>\n\n\n\n<p>De todos modos, y en este momento de su carrera,<em> \u201cintentamos todos los a\u00f1os desde que empec\u00e9 a girar trato de recorrer todo el pa\u00eds o al menos la mayor\u00eda de las Provincias. El sur siempre es un lugar especial, todo el pa\u00eds\u2026siempre tratamos de sumar en las giras algunas ciudades donde no tocamos y eso me pone muy contento\u201d.<\/em><\/p>\n\n\n\n<p>De hecho, <strong>marca fuertemente la libertad de la independencia a la hora de componer, crear y tambi\u00e9n de hacer conocer su m\u00fasica<\/strong>:<em> \u201cla independencia para mi es una ideolog\u00eda. Es una forma de hacer arte, de crear, es muy diferente a la otra calle que ya conocemos. Siempre quise tener como libertad en lo art\u00edstico. Antes era mucho m\u00e1s dif\u00edcil. Ahora es m\u00e1s com\u00fan que haya independencia o sellos independientes. Antes, si no estabas en una compa\u00f1\u00eda discogr\u00e1fica era muy dif\u00edcil\u201d.<\/em><\/p>\n\n\n\n<p class=\"has-large-font-size\">Valorar el camino<\/p>\n\n\n\n<p>Su primer disco,<em><strong> \u201cAzules Turquesas\u201d <\/strong><\/em>data de 2004, a\u00f1o particular para la m\u00fasica argentina. <strong>21 a\u00f1os despu\u00e9s, Aristimu\u00f1o valor\u00f3 todo el recorrido sin descuidar cada escal\u00f3n.<\/strong> Tal es as\u00ed, que destac\u00f3 que <em>\u201cme gusta ir creciendo de a poco, escal\u00f3n por escal\u00f3n, en estos 21 a\u00f1os la verdad que fui desarrollando mi carrera de a poco, valorando cada paso que iba dando y no de repente que tu primer concierto sea el Luna Park\u2026cosa que sucede (con otros artistas) (risas).<strong> Me gustaba tocar en barcitos para 50 personas, despu\u00e9s se empez\u00f3 a llenar hasta terminar en el Luna Park, pero en su quinto o sexto disco. A m\u00ed me gusta vivirlo as\u00ed, y al d\u00eda de hoy sigo con esa filosof\u00eda<\/strong>\u201d.<\/em><\/p>\n\n\n\n<p class=\"has-large-font-size\">Su m\u00fasica se transforma<\/p>\n\n\n\n<figure class=\"wp-block-image size-full\"><img data-recalc-dims=\"1\" loading=\"lazy\" decoding=\"async\" width=\"800\" height=\"473\" src=\"https:\/\/i0.wp.com\/cdnoticias.com\/wp-content\/uploads\/2025\/06\/aristimuno-lisandro2.jpg?resize=800%2C473&#038;ssl=1\" alt=\"\" class=\"wp-image-175142\" srcset=\"https:\/\/i0.wp.com\/cdnoticias.com\/wp-content\/uploads\/2025\/06\/aristimuno-lisandro2.jpg?w=1019&amp;ssl=1 1019w, https:\/\/i0.wp.com\/cdnoticias.com\/wp-content\/uploads\/2025\/06\/aristimuno-lisandro2.jpg?resize=300%2C177&amp;ssl=1 300w, https:\/\/i0.wp.com\/cdnoticias.com\/wp-content\/uploads\/2025\/06\/aristimuno-lisandro2.jpg?resize=768%2C454&amp;ssl=1 768w\" sizes=\"auto, (max-width: 800px) 100vw, 800px\" \/><\/figure>\n\n\n\n<p>De cara a lo que vamos a vivir este viernes en el Teatro, Aristimu\u00f1o dej\u00f3 en claro que <em><strong>\u201cen los conciertos desde que arranqu\u00e9 me gust\u00f3 que el vivo tenga algo distinto a los discos. Me parece m\u00e1s atractivo, por ah\u00ed presentar versiones diferentes, que no suene lo mismo a los discos. El disco lo pon\u00e9s en tu casa\u2026en cambio en vivo es distinto\u201d.<\/strong><\/em><\/p>\n\n\n\n<p>Este show no ser\u00e1 la excepci\u00f3n, ya que \u201c<em>estoy haciendo versiones nuevas. Ahora en este repertorio recorro mi carrera hasta hoy, y por ah\u00ed hay canciones que no tocamos hace mucho, las volvemos a tocar de nuevo, a encontrarnos con ellas. El concierto est\u00e1 muy bueno, y con el tr\u00edo se escucha muy bien. Adem\u00e1s disparo samples, cosas electr\u00f3nicas y el concierto es muy entretenido\u201d.<\/em><\/p>\n\n\n\n<p><strong>\u00bfUna pista? <\/strong>\u201c<em>Est\u00e1n las canciones m\u00e1s importantes de cada disco\u201d <\/em>cerr\u00f3 Aristimu\u00f1o, con una pista concreta: nadie se quedar\u00e1 afuera de los grandes \u00e9xitos de un artista que<strong> siempre mira al interior. En todos los sentidos.<\/strong><\/p>\n\n\n\n<p class=\"has-large-font-size\">Las entradas <\/p>\n\n\n\n<p>Entradas (numeradas en plateas): $ 37400 platea baja- $ 35200 platea alta \u2013 $ 30800 pullman- $ 26200 S\u00faper pullman<\/p>\n\n\n\n<p>\u2022 Venta en el Teatro Municipal (Rivadavia 2780) con tarjetas de cr\u00e9dito, d\u00e9bito y billeteras virtuales.<\/p>\n\n\n\n<p>\u2022 Venta en Tecnocentro (Rivadavia 3065) en efectivo.<\/p>\n\n\n\n<p>\u2022 Venta online www.articket.com.ar con cr\u00e9dito y d\u00e9bito.<\/p>\n","protected":false},"excerpt":{"rendered":"<p>El cantautor se presentar\u00e1 en el Teatro Municipal este viernes y dialog\u00f3 con Central sobre sus 21 a\u00f1os de carrera,<\/p>\n","protected":false},"author":2,"featured_media":175144,"comment_status":"closed","ping_status":"closed","sticky":false,"template":"","format":"standard","meta":{"_jetpack_memberships_contains_paid_content":false,"footnotes":""},"categories":[9,1],"tags":[],"class_list":["post-175141","post","type-post","status-publish","format-standard","has-post-thumbnail","hentry","category-cultura","category-portada"],"jetpack_featured_media_url":"https:\/\/i0.wp.com\/cdnoticias.com\/wp-content\/uploads\/2025\/06\/aristimuno-lisandro.jpg?fit=848%2C497&ssl=1","jetpack_sharing_enabled":true,"_links":{"self":[{"href":"https:\/\/cdnoticias.com\/index.php\/wp-json\/wp\/v2\/posts\/175141","targetHints":{"allow":["GET"]}}],"collection":[{"href":"https:\/\/cdnoticias.com\/index.php\/wp-json\/wp\/v2\/posts"}],"about":[{"href":"https:\/\/cdnoticias.com\/index.php\/wp-json\/wp\/v2\/types\/post"}],"author":[{"embeddable":true,"href":"https:\/\/cdnoticias.com\/index.php\/wp-json\/wp\/v2\/users\/2"}],"replies":[{"embeddable":true,"href":"https:\/\/cdnoticias.com\/index.php\/wp-json\/wp\/v2\/comments?post=175141"}],"version-history":[{"count":0,"href":"https:\/\/cdnoticias.com\/index.php\/wp-json\/wp\/v2\/posts\/175141\/revisions"}],"wp:featuredmedia":[{"embeddable":true,"href":"https:\/\/cdnoticias.com\/index.php\/wp-json\/wp\/v2\/media\/175144"}],"wp:attachment":[{"href":"https:\/\/cdnoticias.com\/index.php\/wp-json\/wp\/v2\/media?parent=175141"}],"wp:term":[{"taxonomy":"category","embeddable":true,"href":"https:\/\/cdnoticias.com\/index.php\/wp-json\/wp\/v2\/categories?post=175141"},{"taxonomy":"post_tag","embeddable":true,"href":"https:\/\/cdnoticias.com\/index.php\/wp-json\/wp\/v2\/tags?post=175141"}],"curies":[{"name":"wp","href":"https:\/\/api.w.org\/{rel}","templated":true}]}}