{"id":175138,"date":"2025-06-24T19:45:49","date_gmt":"2025-06-24T22:45:49","guid":{"rendered":"https:\/\/cdnoticias.com\/?p=175138"},"modified":"2025-06-25T09:30:49","modified_gmt":"2025-06-25T12:30:49","slug":"proyecto-los-palmares-el-hcd-citara-a-implicados-en-el-complejo-urbanistico","status":"publish","type":"post","link":"https:\/\/cdnoticias.com\/index.php\/2025\/06\/24\/proyecto-los-palmares-el-hcd-citara-a-implicados-en-el-complejo-urbanistico\/","title":{"rendered":"Proyecto Los Palmares: el HCD citar\u00e1 a implicados en el \u201cComplejo Urban\u00edstico\u201d"},"content":{"rendered":"\n<p>Esto implicar\u00e1 la citaci\u00f3n a un ex funcionaria de la gesti\u00f3n Galli, al empresario Lucas Torres, al fideicomiso que administra el loteo y a los vecinos que denunciaron ser damnificados tras comprar terrenos.<\/p>\n\n\n\n<hr class=\"wp-block-separator aligncenter has-alpha-channel-opacity\"\/>\n\n\n\n<p>Luego de la<strong> pol\u00e9mica por el proyecto del complejo urban\u00edstico Los Palmares, la denuncia de gente presuntamente estafada y las respuestas empresariales, la propuesta de habilitaci\u00f3n de dicho complejo <a href=\"https:\/\/cdnoticias.com\/index.php\/2025\/06\/12\/en-vivo-se-realiza-la-septima-sesion-ordinaria-del-hcd\/\" target=\"_blank\" rel=\"noreferrer noopener\">reingres\u00f3 al HCD<\/a> y ya fue tratada por primera vez en la Comisi\u00f3n de Infraestructura.<\/strong><\/p>\n\n\n\n<p>Seg\u00fan la informaci\u00f3n que logr\u00f3 recabar <strong>Central de Noticias<\/strong>, tras un debate entre los concejales de las diversas fuerzas que componen la comisi\u00f3n que encabeza Mar\u00eda Jos\u00e9 Gonz\u00e1lez (PRO) <strong>se decidieron tomar una serie de medidas para conocer m\u00e1s detalles e incluso, conocer si hay una aprobaci\u00f3n del proyecto de loteo en la Provincia de Buenos Aires.<\/strong><\/p>\n\n\n\n<p>Es por ello que <strong>se solicit\u00f3 al Ministerio de H\u00e1bitat de la Provincia informaci\u00f3n para conocer si el loteo se encuentra aprobado o no.<\/strong><\/p>\n\n\n\n<p>Adem\u00e1s, para conocer m\u00e1s informaci\u00f3n en profundidad y escuchar a todas las partes,<strong> se decidi\u00f3 citar al pol\u00e9mico empresario involucrado en este movimiento inmobiliario, Lucas Torres, a los administradores del Fideicomiso involucrado en el proyecto, as\u00ed como tambi\u00e9n a la ex Directora de Planeamiento en la gesti\u00f3n Galli, Florencia Mar\u00edn<\/strong>, que form\u00f3 parte del momento de ingreso de este proyecto y que finaliz\u00f3 con el env\u00edo de la aprobaci\u00f3n del convenio al Concejo Deliberante.<\/p>\n\n\n\n<p>Finalmente, <strong>se decidi\u00f3 citar a los vecinos que ya adquirieron tierras y que semanas atr\u00e1s se manifestaron se\u00f1alando que no obtuvieron respuestas sobre los avances del Proyecto.<\/strong><\/p>\n","protected":false},"excerpt":{"rendered":"<p>Esto implicar\u00e1 la citaci\u00f3n a un ex funcionaria de la gesti\u00f3n Galli, al empresario Lucas Torres, al fideicomiso que administra<\/p>\n","protected":false},"author":2,"featured_media":133817,"comment_status":"closed","ping_status":"closed","sticky":false,"template":"","format":"standard","meta":{"_jetpack_memberships_contains_paid_content":false,"footnotes":""},"categories":[4,1],"tags":[],"class_list":["post-175138","post","type-post","status-publish","format-standard","has-post-thumbnail","hentry","category-politica","category-portada"],"jetpack_featured_media_url":"https:\/\/i0.wp.com\/cdnoticias.com\/wp-content\/uploads\/2025\/01\/palmares.jpg?fit=778%2C720&ssl=1","jetpack_sharing_enabled":true,"_links":{"self":[{"href":"https:\/\/cdnoticias.com\/index.php\/wp-json\/wp\/v2\/posts\/175138","targetHints":{"allow":["GET"]}}],"collection":[{"href":"https:\/\/cdnoticias.com\/index.php\/wp-json\/wp\/v2\/posts"}],"about":[{"href":"https:\/\/cdnoticias.com\/index.php\/wp-json\/wp\/v2\/types\/post"}],"author":[{"embeddable":true,"href":"https:\/\/cdnoticias.com\/index.php\/wp-json\/wp\/v2\/users\/2"}],"replies":[{"embeddable":true,"href":"https:\/\/cdnoticias.com\/index.php\/wp-json\/wp\/v2\/comments?post=175138"}],"version-history":[{"count":0,"href":"https:\/\/cdnoticias.com\/index.php\/wp-json\/wp\/v2\/posts\/175138\/revisions"}],"wp:featuredmedia":[{"embeddable":true,"href":"https:\/\/cdnoticias.com\/index.php\/wp-json\/wp\/v2\/media\/133817"}],"wp:attachment":[{"href":"https:\/\/cdnoticias.com\/index.php\/wp-json\/wp\/v2\/media?parent=175138"}],"wp:term":[{"taxonomy":"category","embeddable":true,"href":"https:\/\/cdnoticias.com\/index.php\/wp-json\/wp\/v2\/categories?post=175138"},{"taxonomy":"post_tag","embeddable":true,"href":"https:\/\/cdnoticias.com\/index.php\/wp-json\/wp\/v2\/tags?post=175138"}],"curies":[{"name":"wp","href":"https:\/\/api.w.org\/{rel}","templated":true}]}}