{"id":175120,"date":"2025-06-24T13:09:07","date_gmt":"2025-06-24T16:09:07","guid":{"rendered":"https:\/\/cdnoticias.com\/?p=175120"},"modified":"2025-06-24T13:09:09","modified_gmt":"2025-06-24T16:09:09","slug":"francisco-barrera-pancho-q-e-p-d","status":"publish","type":"post","link":"https:\/\/cdnoticias.com\/index.php\/2025\/06\/24\/francisco-barrera-pancho-q-e-p-d\/","title":{"rendered":"Francisco Barrera \u201cPancho\u201d (Q.E.P.D.)"},"content":{"rendered":"<p>Falleci\u00f3 en Olavarr\u00eda el 24 de junio de 2025 a los 79 a\u00f1os. Su esposa Mirta Mabel Far\u00edas. Sus hijos Mauricio y Evelio Barrera. Sus hijas pol\u00edticas Lorena Amendola y Yanina Diel. Sus nietos Melina, Kevin, Celeste, Joaqu\u00edn, Melany y Alma Barrera; y dem\u00e1s deudos participan su fallecimiento.<\/p>\n<p>Sus restos ser\u00e1n velados en la Sala de Espa\u00f1a 2942 departamento \u201cD\u201d, habilitada desde las 20 horas, y ser\u00e1n inhumados en el Cementerio Loma de Paz este mi\u00e9rcoles 25 de junio de 2025 a las 10:30 horas, previo responso en la Capilla Ardiente. Servicio adherido a Coopelectric.<\/p>\n<p>Nacido en Bol\u00edvar, vecino del barrio Alberdi, jubilado.<\/p>\n","protected":false},"excerpt":{"rendered":"<p>Falleci\u00f3 en Olavarr\u00eda el 24 de junio de 2025 a los 79 a\u00f1os. Su esposa Mirta Mabel Far\u00edas. Sus hijos<\/p>\n","protected":false},"author":4,"featured_media":51544,"comment_status":"closed","ping_status":"closed","sticky":false,"template":"","format":"standard","meta":{"_jetpack_memberships_contains_paid_content":false,"footnotes":""},"categories":[10],"tags":[],"class_list":["post-175120","post","type-post","status-publish","format-standard","has-post-thumbnail","hentry","category-necrologicas"],"jetpack_featured_media_url":"https:\/\/i0.wp.com\/cdnoticias.com\/wp-content\/uploads\/2022\/04\/necrologicas-390-x-240.jpg?fit=390%2C240&ssl=1","jetpack_sharing_enabled":true,"_links":{"self":[{"href":"https:\/\/cdnoticias.com\/index.php\/wp-json\/wp\/v2\/posts\/175120","targetHints":{"allow":["GET"]}}],"collection":[{"href":"https:\/\/cdnoticias.com\/index.php\/wp-json\/wp\/v2\/posts"}],"about":[{"href":"https:\/\/cdnoticias.com\/index.php\/wp-json\/wp\/v2\/types\/post"}],"author":[{"embeddable":true,"href":"https:\/\/cdnoticias.com\/index.php\/wp-json\/wp\/v2\/users\/4"}],"replies":[{"embeddable":true,"href":"https:\/\/cdnoticias.com\/index.php\/wp-json\/wp\/v2\/comments?post=175120"}],"version-history":[{"count":0,"href":"https:\/\/cdnoticias.com\/index.php\/wp-json\/wp\/v2\/posts\/175120\/revisions"}],"wp:featuredmedia":[{"embeddable":true,"href":"https:\/\/cdnoticias.com\/index.php\/wp-json\/wp\/v2\/media\/51544"}],"wp:attachment":[{"href":"https:\/\/cdnoticias.com\/index.php\/wp-json\/wp\/v2\/media?parent=175120"}],"wp:term":[{"taxonomy":"category","embeddable":true,"href":"https:\/\/cdnoticias.com\/index.php\/wp-json\/wp\/v2\/categories?post=175120"},{"taxonomy":"post_tag","embeddable":true,"href":"https:\/\/cdnoticias.com\/index.php\/wp-json\/wp\/v2\/tags?post=175120"}],"curies":[{"name":"wp","href":"https:\/\/api.w.org\/{rel}","templated":true}]}}