{"id":175104,"date":"2025-06-24T10:58:12","date_gmt":"2025-06-24T13:58:12","guid":{"rendered":"https:\/\/cdnoticias.com\/?p=175104"},"modified":"2025-06-24T11:31:09","modified_gmt":"2025-06-24T14:31:09","slug":"las-flores-despiste-en-la-ruta-3-complica-el-transito","status":"publish","type":"post","link":"https:\/\/cdnoticias.com\/index.php\/2025\/06\/24\/las-flores-despiste-en-la-ruta-3-complica-el-transito\/","title":{"rendered":"Las Flores: despiste en la ruta 3 complica el tr\u00e1nsito"},"content":{"rendered":"<p>Fue a la altura de Pardo. Un cami\u00f3n sali\u00f3 de la calzada en la ma\u00f1ana de este martes y perdi\u00f3 parte de la carga. Personal del Peaje trabaja para limpiar el sector.<!--more--><\/p>\n<hr \/>\n<p><strong>El despiste de un cami\u00f3n<\/strong> en la <strong>ruta nacional 3 complica el tr\u00e1nsito<\/strong> a la altura del <strong>kil\u00f3metro 224<\/strong>, sobre el paraje Pardo en el distrito de Las Flores.<\/p>\n<p>Afortunadamente <strong>no hubo heridos<\/strong> a ra\u00edz del hecho del tr\u00e1nsito.<\/p>\n<p><img data-recalc-dims=\"1\" loading=\"lazy\" decoding=\"async\" class=\"alignnone size-full wp-image-175106 aligncenter\" src=\"https:\/\/i0.wp.com\/cdnoticias.com\/wp-content\/uploads\/2025\/06\/vuelco-ruta-3-km-224-B.jpg?resize=800%2C445&#038;ssl=1\" alt=\"\" width=\"800\" height=\"445\" srcset=\"https:\/\/i0.wp.com\/cdnoticias.com\/wp-content\/uploads\/2025\/06\/vuelco-ruta-3-km-224-B.jpg?w=1000&amp;ssl=1 1000w, https:\/\/i0.wp.com\/cdnoticias.com\/wp-content\/uploads\/2025\/06\/vuelco-ruta-3-km-224-B.jpg?resize=300%2C167&amp;ssl=1 300w, https:\/\/i0.wp.com\/cdnoticias.com\/wp-content\/uploads\/2025\/06\/vuelco-ruta-3-km-224-B.jpg?resize=768%2C427&amp;ssl=1 768w, https:\/\/i0.wp.com\/cdnoticias.com\/wp-content\/uploads\/2025\/06\/vuelco-ruta-3-km-224-B.jpg?resize=800%2C445&amp;ssl=1 800w\" sizes=\"auto, (max-width: 800px) 100vw, 800px\" \/><\/p>\n<blockquote><p>Parte de la carga que transportaba el veh\u00edculo, piedra, cay\u00f3 sobre la calzada, lo que oblig\u00f3 a reducir la circulaci\u00f3n en la zona.<\/p><\/blockquote>\n<p>En ese sentido, <strong>personal del Peaje trabaja en el lugar en tareas de limpieza para normalizar la situaci\u00f3n<\/strong> y garantizar la seguridad de quienes transitan por el sector.<\/p>\n<p><img data-recalc-dims=\"1\" loading=\"lazy\" decoding=\"async\" class=\"alignnone size-full wp-image-175107 aligncenter\" src=\"https:\/\/i0.wp.com\/cdnoticias.com\/wp-content\/uploads\/2025\/06\/vuelco-ruta-3-km-224-E.jpg?resize=800%2C445&#038;ssl=1\" alt=\"\" width=\"800\" height=\"445\" srcset=\"https:\/\/i0.wp.com\/cdnoticias.com\/wp-content\/uploads\/2025\/06\/vuelco-ruta-3-km-224-E.jpg?w=1000&amp;ssl=1 1000w, https:\/\/i0.wp.com\/cdnoticias.com\/wp-content\/uploads\/2025\/06\/vuelco-ruta-3-km-224-E.jpg?resize=300%2C167&amp;ssl=1 300w, https:\/\/i0.wp.com\/cdnoticias.com\/wp-content\/uploads\/2025\/06\/vuelco-ruta-3-km-224-E.jpg?resize=768%2C427&amp;ssl=1 768w, https:\/\/i0.wp.com\/cdnoticias.com\/wp-content\/uploads\/2025\/06\/vuelco-ruta-3-km-224-E.jpg?resize=800%2C445&amp;ssl=1 800w\" sizes=\"auto, (max-width: 800px) 100vw, 800px\" \/><\/p>\n","protected":false},"excerpt":{"rendered":"<p>Fue a la altura de Pardo. Un cami\u00f3n sali\u00f3 de la calzada en la ma\u00f1ana de este martes y perdi\u00f3<\/p>\n","protected":false},"author":4,"featured_media":175105,"comment_status":"closed","ping_status":"closed","sticky":false,"template":"","format":"standard","meta":{"_jetpack_memberships_contains_paid_content":false,"footnotes":""},"categories":[14,1],"tags":[],"class_list":["post-175104","post","type-post","status-publish","format-standard","has-post-thumbnail","hentry","category-policiales","category-portada"],"jetpack_featured_media_url":"https:\/\/i0.wp.com\/cdnoticias.com\/wp-content\/uploads\/2025\/06\/vuelco-ruta-3-km-224-A.jpg?fit=1000%2C556&ssl=1","jetpack_sharing_enabled":true,"_links":{"self":[{"href":"https:\/\/cdnoticias.com\/index.php\/wp-json\/wp\/v2\/posts\/175104","targetHints":{"allow":["GET"]}}],"collection":[{"href":"https:\/\/cdnoticias.com\/index.php\/wp-json\/wp\/v2\/posts"}],"about":[{"href":"https:\/\/cdnoticias.com\/index.php\/wp-json\/wp\/v2\/types\/post"}],"author":[{"embeddable":true,"href":"https:\/\/cdnoticias.com\/index.php\/wp-json\/wp\/v2\/users\/4"}],"replies":[{"embeddable":true,"href":"https:\/\/cdnoticias.com\/index.php\/wp-json\/wp\/v2\/comments?post=175104"}],"version-history":[{"count":0,"href":"https:\/\/cdnoticias.com\/index.php\/wp-json\/wp\/v2\/posts\/175104\/revisions"}],"wp:featuredmedia":[{"embeddable":true,"href":"https:\/\/cdnoticias.com\/index.php\/wp-json\/wp\/v2\/media\/175105"}],"wp:attachment":[{"href":"https:\/\/cdnoticias.com\/index.php\/wp-json\/wp\/v2\/media?parent=175104"}],"wp:term":[{"taxonomy":"category","embeddable":true,"href":"https:\/\/cdnoticias.com\/index.php\/wp-json\/wp\/v2\/categories?post=175104"},{"taxonomy":"post_tag","embeddable":true,"href":"https:\/\/cdnoticias.com\/index.php\/wp-json\/wp\/v2\/tags?post=175104"}],"curies":[{"name":"wp","href":"https:\/\/api.w.org\/{rel}","templated":true}]}}