{"id":175100,"date":"2025-06-24T10:36:31","date_gmt":"2025-06-24T13:36:31","guid":{"rendered":"https:\/\/cdnoticias.com\/?p=175100"},"modified":"2025-06-24T10:36:32","modified_gmt":"2025-06-24T13:36:32","slug":"lo-buscaban-por-distintas-causas-y-fue-encontrado-en-sierra-chica","status":"publish","type":"post","link":"https:\/\/cdnoticias.com\/index.php\/2025\/06\/24\/lo-buscaban-por-distintas-causas-y-fue-encontrado-en-sierra-chica\/","title":{"rendered":"Lo buscaban por distintas causas y fue encontrado en Sierra Chica"},"content":{"rendered":"\n<p>El hombre de 41 a\u00f1os ten\u00eda dos b\u00fasquedas de \u201cparadero activo\u201d y dos pedidos de \u201cper\u00edmetro de restricci\u00f3n\u201d para un domicilio en Azul.<\/p>\n\n\n\n<hr class=\"wp-block-separator has-alpha-channel-opacity\"\/>\n\n\n\n<p>D\u00edas atr\u00e1s, efectivos policiales de la subcomisaria de Sierra Chica <strong>intercept\u00f3 a un hombre de 41 a\u00f1os que circulaba a pie por avenida Emiliozzi y el acceso al Aut\u00f3dromo.<\/strong><\/p>\n\n\n\n<p><\/p>\n\n\n\n<p>Cursado por el sistema inform\u00e1tico, se determin\u00f3 que el hombre pose\u00eda <strong>un pedido de \u201cparadero activo\u201d solicitado por la UFI N\u00b02 de Azul por el delito de \u201churto\u201d.<\/strong><\/p>\n\n\n\n<p><\/p>\n\n\n\n<p>Adem\u00e1s, ten\u00eda<strong> otro pedido de \u201cparadero activo\u201d requerido por el Juzgado de Garant\u00edas N\u00b02 en una causa por \u201caveriguaci\u00f3n de paradero\u201d <\/strong>y<strong> dos pedidos de \u201cper\u00edmetro de restricci\u00f3n\u201d para un domicilio de la ciudad de Azul <\/strong>con fecha del 12 de septiembre de 2023. Estos \u00faltimos en el marco de una causa caratulada como \u201clesiones leves\u201d a cargo del Juzgado de Garant\u00edas N\u00b0 3.<\/p>\n\n\n\n<p><\/p>\n\n\n\n<p>El hombre<strong> fue trasladado a la dependencia policial para cumplimentar los recaudos legales.<\/strong><\/p>\n","protected":false},"excerpt":{"rendered":"<p>El hombre de 41 a\u00f1os ten\u00eda dos b\u00fasquedas de \u201cparadero activo\u201d y dos pedidos de \u201cper\u00edmetro de restricci\u00f3n\u201d para un<\/p>\n","protected":false},"author":5,"featured_media":175101,"comment_status":"closed","ping_status":"closed","sticky":false,"template":"","format":"standard","meta":{"_jetpack_memberships_contains_paid_content":false,"footnotes":""},"categories":[14,1],"tags":[],"class_list":["post-175100","post","type-post","status-publish","format-standard","has-post-thumbnail","hentry","category-policiales","category-portada"],"jetpack_featured_media_url":"https:\/\/i0.wp.com\/cdnoticias.com\/wp-content\/uploads\/2025\/06\/paradero-activo-sierra-chica.png?fit=800%2C445&ssl=1","jetpack_sharing_enabled":true,"_links":{"self":[{"href":"https:\/\/cdnoticias.com\/index.php\/wp-json\/wp\/v2\/posts\/175100","targetHints":{"allow":["GET"]}}],"collection":[{"href":"https:\/\/cdnoticias.com\/index.php\/wp-json\/wp\/v2\/posts"}],"about":[{"href":"https:\/\/cdnoticias.com\/index.php\/wp-json\/wp\/v2\/types\/post"}],"author":[{"embeddable":true,"href":"https:\/\/cdnoticias.com\/index.php\/wp-json\/wp\/v2\/users\/5"}],"replies":[{"embeddable":true,"href":"https:\/\/cdnoticias.com\/index.php\/wp-json\/wp\/v2\/comments?post=175100"}],"version-history":[{"count":0,"href":"https:\/\/cdnoticias.com\/index.php\/wp-json\/wp\/v2\/posts\/175100\/revisions"}],"wp:featuredmedia":[{"embeddable":true,"href":"https:\/\/cdnoticias.com\/index.php\/wp-json\/wp\/v2\/media\/175101"}],"wp:attachment":[{"href":"https:\/\/cdnoticias.com\/index.php\/wp-json\/wp\/v2\/media?parent=175100"}],"wp:term":[{"taxonomy":"category","embeddable":true,"href":"https:\/\/cdnoticias.com\/index.php\/wp-json\/wp\/v2\/categories?post=175100"},{"taxonomy":"post_tag","embeddable":true,"href":"https:\/\/cdnoticias.com\/index.php\/wp-json\/wp\/v2\/tags?post=175100"}],"curies":[{"name":"wp","href":"https:\/\/api.w.org\/{rel}","templated":true}]}}