{"id":175094,"date":"2025-06-24T09:37:37","date_gmt":"2025-06-24T12:37:37","guid":{"rendered":"https:\/\/cdnoticias.com\/?p=175094"},"modified":"2025-06-24T12:35:18","modified_gmt":"2025-06-24T15:35:18","slug":"olavarria-la-segunda-ciudad-mas-fria-del-pais","status":"publish","type":"post","link":"https:\/\/cdnoticias.com\/index.php\/2025\/06\/24\/olavarria-la-segunda-ciudad-mas-fria-del-pais\/","title":{"rendered":"Olavarr\u00eda, la segunda ciudad m\u00e1s fr\u00eda del pa\u00eds"},"content":{"rendered":"<p>Con la marca de -2,8\u00ba y sensaci\u00f3n t\u00e9rmica de -6,3\u00ba a las 9 de la ma\u00f1ana de este martes, la ciudad se posicion\u00f3 segunda en el ranking del SMN. La m\u00ednima de la jornada se marc\u00f3 a las 8.20 y fue de -3,2\u00ba.<!--more--><\/p>\n<hr \/>\n<p><strong>El fr\u00edo marca la jornada del martes en Olavarr\u00eda<\/strong>. Los registros t\u00e9rmicos de la ciudad se han posicionado<strong> entre los m\u00e1s bajos del pa\u00eds.<\/strong><\/p>\n<blockquote><p>En ese sentido, el Servicio Meteorol\u00f3gico Nacional ubic\u00f3 a Olavarr\u00eda como la segunda ciudad m\u00e1s fr\u00eda del pa\u00eds en el ranking de las 9 de la ma\u00f1ana. A esa hora, la temperatura se ubic\u00f3 en -2,8\u00ba y la sensaci\u00f3n t\u00e9rmica es de -6.3\u00b0.<\/p><\/blockquote>\n<p>La <strong>temperatura m\u00ednima<\/strong> registrada este martes fue de<strong> -3.2\u00b0 a las 8:20.<\/strong><\/p>\n<p>Este bajo posicionamiento de Olavarr\u00eda entre las ciudades m\u00e1s fr\u00edas del pa\u00eds se ha mantenido durante toda la ma\u00f1ana.<\/p>\n<p><img data-recalc-dims=\"1\" loading=\"lazy\" decoding=\"async\" class=\"alignnone size-full wp-image-175095 aligncenter\" src=\"https:\/\/i0.wp.com\/cdnoticias.com\/wp-content\/uploads\/2025\/06\/ranking-de-temperaturas-24-de-junio-2025.jpg?resize=800%2C574&#038;ssl=1\" alt=\"\" width=\"800\" height=\"574\" srcset=\"https:\/\/i0.wp.com\/cdnoticias.com\/wp-content\/uploads\/2025\/06\/ranking-de-temperaturas-24-de-junio-2025.jpg?w=900&amp;ssl=1 900w, https:\/\/i0.wp.com\/cdnoticias.com\/wp-content\/uploads\/2025\/06\/ranking-de-temperaturas-24-de-junio-2025.jpg?resize=300%2C215&amp;ssl=1 300w, https:\/\/i0.wp.com\/cdnoticias.com\/wp-content\/uploads\/2025\/06\/ranking-de-temperaturas-24-de-junio-2025.jpg?resize=768%2C551&amp;ssl=1 768w\" sizes=\"auto, (max-width: 800px) 100vw, 800px\" \/><\/p>\n<p><strong>A las 9<\/strong> de la ma\u00f1ana, <strong>la ciudad m\u00e1s fr\u00eda del pa\u00eds era La Quiaca, en Jujuy, con -6,4\u00ba<\/strong> y la tercera ciudad -despu\u00e9s de Olavarr\u00eda- Chamical, en La Rioja, con -2,6\u00ba.<\/p>\n<p><strong>A las 8<\/strong> la temperatura en nuestra ciudad era de<strong> -1.8\u00b0 y Olavarr\u00eda se posicion\u00f3 entre las 10 ciudades m\u00e1s fr\u00edas<\/strong>, aunque bastante m\u00e1s abajo en el ranking.<\/p>\n<p>En tanto,<strong> a las 7<\/strong> la temperatura era de<strong> -2.4\u00b0 y la sensaci\u00f3n t\u00e9rmica de -5.9\u00b0<\/strong>. A esa hora, en el ranking del SMN, <strong>Olavarr\u00eda era la ciudad bonaerense m\u00e1s fr\u00eda<\/strong> y a nivel nacional qued\u00f3 en el puesto 10\u00ba.<\/p>\n<p><img data-recalc-dims=\"1\" loading=\"lazy\" decoding=\"async\" class=\"alignnone size-full wp-image-175062 aligncenter\" src=\"https:\/\/i0.wp.com\/cdnoticias.com\/wp-content\/uploads\/2025\/06\/frio-invierno-04-1.jpg?resize=800%2C446&#038;ssl=1\" alt=\"\" width=\"800\" height=\"446\" srcset=\"https:\/\/i0.wp.com\/cdnoticias.com\/wp-content\/uploads\/2025\/06\/frio-invierno-04-1.jpg?w=1000&amp;ssl=1 1000w, https:\/\/i0.wp.com\/cdnoticias.com\/wp-content\/uploads\/2025\/06\/frio-invierno-04-1.jpg?resize=300%2C167&amp;ssl=1 300w, https:\/\/i0.wp.com\/cdnoticias.com\/wp-content\/uploads\/2025\/06\/frio-invierno-04-1.jpg?resize=768%2C428&amp;ssl=1 768w, https:\/\/i0.wp.com\/cdnoticias.com\/wp-content\/uploads\/2025\/06\/frio-invierno-04-1.jpg?resize=800%2C445&amp;ssl=1 800w\" sizes=\"auto, (max-width: 800px) 100vw, 800px\" \/><\/p>\n<p>A las 6 de la ma\u00f1ana el registro fue de <strong>-2.2\u00b0 con sensaci\u00f3n t\u00e9rmica de -4.5\u00b0.<\/strong><\/p>\n<p>Durante toda la jornada <strong>el viento se mantuvo del sur entre 4 y 9 km\/h<\/strong>. El cielo est\u00e1 despejado con visibilidad \u00f3ptima.<\/p>\n","protected":false},"excerpt":{"rendered":"<p>Con la marca de -2,8\u00ba y sensaci\u00f3n t\u00e9rmica de -6,3\u00ba a las 9 de la ma\u00f1ana de este martes, la<\/p>\n","protected":false},"author":4,"featured_media":175060,"comment_status":"closed","ping_status":"closed","sticky":false,"template":"","format":"standard","meta":{"_jetpack_memberships_contains_paid_content":false,"footnotes":""},"categories":[5,1],"tags":[],"class_list":["post-175094","post","type-post","status-publish","format-standard","has-post-thumbnail","hentry","category-informacion-general","category-portada"],"jetpack_featured_media_url":"https:\/\/i0.wp.com\/cdnoticias.com\/wp-content\/uploads\/2025\/06\/frio-invierno-02-1.jpg?fit=1000%2C556&ssl=1","jetpack_sharing_enabled":true,"_links":{"self":[{"href":"https:\/\/cdnoticias.com\/index.php\/wp-json\/wp\/v2\/posts\/175094","targetHints":{"allow":["GET"]}}],"collection":[{"href":"https:\/\/cdnoticias.com\/index.php\/wp-json\/wp\/v2\/posts"}],"about":[{"href":"https:\/\/cdnoticias.com\/index.php\/wp-json\/wp\/v2\/types\/post"}],"author":[{"embeddable":true,"href":"https:\/\/cdnoticias.com\/index.php\/wp-json\/wp\/v2\/users\/4"}],"replies":[{"embeddable":true,"href":"https:\/\/cdnoticias.com\/index.php\/wp-json\/wp\/v2\/comments?post=175094"}],"version-history":[{"count":0,"href":"https:\/\/cdnoticias.com\/index.php\/wp-json\/wp\/v2\/posts\/175094\/revisions"}],"wp:featuredmedia":[{"embeddable":true,"href":"https:\/\/cdnoticias.com\/index.php\/wp-json\/wp\/v2\/media\/175060"}],"wp:attachment":[{"href":"https:\/\/cdnoticias.com\/index.php\/wp-json\/wp\/v2\/media?parent=175094"}],"wp:term":[{"taxonomy":"category","embeddable":true,"href":"https:\/\/cdnoticias.com\/index.php\/wp-json\/wp\/v2\/categories?post=175094"},{"taxonomy":"post_tag","embeddable":true,"href":"https:\/\/cdnoticias.com\/index.php\/wp-json\/wp\/v2\/tags?post=175094"}],"curies":[{"name":"wp","href":"https:\/\/api.w.org\/{rel}","templated":true}]}}