{"id":175092,"date":"2025-06-24T09:00:36","date_gmt":"2025-06-24T12:00:36","guid":{"rendered":"https:\/\/cdnoticias.com\/?p=175092"},"modified":"2025-06-24T09:00:38","modified_gmt":"2025-06-24T12:00:38","slug":"charla-el-tiempo-de-cuidar-tu-intestino-es-ahora","status":"publish","type":"post","link":"https:\/\/cdnoticias.com\/index.php\/2025\/06\/24\/charla-el-tiempo-de-cuidar-tu-intestino-es-ahora\/","title":{"rendered":"Charla \u201cEl tiempo de cuidar tu intestino es ahora\u201d"},"content":{"rendered":"<p>Con la exposici\u00f3n de diversos profesionales, la actividad tendr\u00e1 lugar el jueves desde las 19 en el Sal\u00f3n Audit\u00f3rium de Coopelectric.<!--more--><\/p>\n<hr \/>\n<p><strong>Coopelectric junto a Lalcec Olavarr\u00eda<\/strong>, invitaron a la comunidad a participar de la <strong>charla \u201cEl tiempo de cuidar tu intestino es ahora\u201d<\/strong>.<\/p>\n<p>La misma ser\u00e1 dictada por <em>la Lic. en Nutrici\u00f3n Eugenia Maumus; la Bioqu\u00edmica y Coach en Salud, Laura Canil; la M\u00e9dica gastroenter\u00f3loga Marianela Arram\u00f3n; la M\u00e9dica gastroenter\u00f3loga Luisina Vitale, la M\u00e9dica gastroenter\u00f3loga y Mg. en Psiconeuroinmunoendocrinolog\u00eda, Marcela Mayet y la Bi\u00f3loga molecular Roc\u00edo Larreche<\/em>.<\/p>\n<p>La actividad tendr\u00e1 lugar el<strong> jueves 26 de junio<\/strong> a las <strong>19<\/strong> en el <strong>Sal\u00f3n Audit\u00f3rium de Coopelectric, ubicado en Belgrano 2850<\/strong>, con entrada libre y gratuita.<\/p>\n<p>Las profesionales abordar\u00e1n la tem\u00e1tica de forma integral a trav\u00e9s de los siguientes ejes:<\/p>\n<ul>\n<li>\u00bfC\u00f3mo se relaciona el eje cerebro-intestino con la salud y la enfermedad?<\/li>\n<li>El impacto en el estilo de vida en la salud. C\u00f3mo los pensamientos, las emociones, las acciones y el entorno nos moldean<\/li>\n<li>Nutrici\u00f3n antiinflamatoria y salud intestinal<\/li>\n<li>\u00bfY si est\u00e1 en tu gen\u00e9tica? La importancia de conocer para prevenir<\/li>\n<li>M\u00e9todos de detecci\u00f3n y prevenci\u00f3n del c\u00e1ncer de colon<\/li>\n<\/ul>\n","protected":false},"excerpt":{"rendered":"<p>Con la exposici\u00f3n de diversos profesionales, la actividad tendr\u00e1 lugar el jueves desde las 19 en el Sal\u00f3n Audit\u00f3rium de<\/p>\n","protected":false},"author":4,"featured_media":134490,"comment_status":"closed","ping_status":"closed","sticky":false,"template":"","format":"standard","meta":{"_jetpack_memberships_contains_paid_content":false,"footnotes":""},"categories":[5,1],"tags":[],"class_list":["post-175092","post","type-post","status-publish","format-standard","has-post-thumbnail","hentry","category-informacion-general","category-portada"],"jetpack_featured_media_url":"https:\/\/i0.wp.com\/cdnoticias.com\/wp-content\/uploads\/2025\/01\/coopelectric-fachada-05.jpg?fit=1000%2C556&ssl=1","jetpack_sharing_enabled":true,"_links":{"self":[{"href":"https:\/\/cdnoticias.com\/index.php\/wp-json\/wp\/v2\/posts\/175092","targetHints":{"allow":["GET"]}}],"collection":[{"href":"https:\/\/cdnoticias.com\/index.php\/wp-json\/wp\/v2\/posts"}],"about":[{"href":"https:\/\/cdnoticias.com\/index.php\/wp-json\/wp\/v2\/types\/post"}],"author":[{"embeddable":true,"href":"https:\/\/cdnoticias.com\/index.php\/wp-json\/wp\/v2\/users\/4"}],"replies":[{"embeddable":true,"href":"https:\/\/cdnoticias.com\/index.php\/wp-json\/wp\/v2\/comments?post=175092"}],"version-history":[{"count":0,"href":"https:\/\/cdnoticias.com\/index.php\/wp-json\/wp\/v2\/posts\/175092\/revisions"}],"wp:featuredmedia":[{"embeddable":true,"href":"https:\/\/cdnoticias.com\/index.php\/wp-json\/wp\/v2\/media\/134490"}],"wp:attachment":[{"href":"https:\/\/cdnoticias.com\/index.php\/wp-json\/wp\/v2\/media?parent=175092"}],"wp:term":[{"taxonomy":"category","embeddable":true,"href":"https:\/\/cdnoticias.com\/index.php\/wp-json\/wp\/v2\/categories?post=175092"},{"taxonomy":"post_tag","embeddable":true,"href":"https:\/\/cdnoticias.com\/index.php\/wp-json\/wp\/v2\/tags?post=175092"}],"curies":[{"name":"wp","href":"https:\/\/api.w.org\/{rel}","templated":true}]}}