{"id":175077,"date":"2025-06-23T18:44:34","date_gmt":"2025-06-23T21:44:34","guid":{"rendered":"https:\/\/cdnoticias.com\/?p=175077"},"modified":"2025-06-23T20:00:33","modified_gmt":"2025-06-23T23:00:33","slug":"mas-de-2-700-cadetes-de-la-policia-juraron-fidelidad-a-la-bandera-nacional","status":"publish","type":"post","link":"https:\/\/cdnoticias.com\/index.php\/2025\/06\/23\/mas-de-2-700-cadetes-de-la-policia-juraron-fidelidad-a-la-bandera-nacional\/","title":{"rendered":"M\u00e1s de 2.700 cadetes de la Polic\u00eda juraron fidelidad a la bandera nacional"},"content":{"rendered":"\n<p>Fue en un acto encabezado por el gobernador Kicillof. <em>\u201cPara seguir transformando a la Polic\u00eda provincial contamos tambi\u00e9n con el compromiso de todas y todos los cadetes que se preparan para ser oficiales en el futuro\u201d<\/em> dijo.<\/p>\n\n\n\n<p> <\/p>\n\n\n\n<hr class=\"wp-block-separator aligncenter has-alpha-channel-opacity\"\/>\n\n\n\n<p>El gobernador de la provincia de Buenos Aires, <strong>Axel Kicillof<\/strong>, encabez\u00f3 este lunes el acto de <strong>jura de fidelidad a la bandera nacional<\/strong> por parte de <strong>2.736 cadetes<\/strong> que finalizar\u00e1n este a\u00f1o su proceso de formaci\u00f3n. El evento se desarroll\u00f3 en la <strong>Escuela de Polic\u00eda Juan Vucetich<\/strong>, ubicada en el partido de <strong>Berazategui<\/strong>, y cont\u00f3 con la presencia del <strong>ministro de Seguridad<\/strong>, <strong>Javier Alonso<\/strong>, junto a autoridades provinciales, de la fuerza de seguridad e intendentes.<\/p>\n\n\n\n<p>Durante el acto, Kicillof destac\u00f3 el trabajo llevado adelante desde el inicio de su gesti\u00f3n: <em>\u201cEstamos dando un paso m\u00e1s en el camino que iniciamos en diciembre de 2019 para llevar adelante una enorme inversi\u00f3n en infraestructura, capacidad log\u00edstica, equipamiento y profesionalizaci\u00f3n de la Polic\u00eda de la provincia de Buenos Aires\u201d<\/em>. En ese sentido, el mandatario provincial subray\u00f3: <em>\u201cEstamos cumpliendo con el desaf\u00edo que asumimos para que los futuros oficiales de nuestra fuerza se formen como corresponde: en instalaciones adecuadas, con la mejor tecnolog\u00eda y una escuela de cadetes que ha sido jerarquizada\u201d<\/em>.<\/p>\n\n\n\n<figure class=\"wp-block-image size-large\"><img data-recalc-dims=\"1\" loading=\"lazy\" decoding=\"async\" width=\"800\" height=\"534\" src=\"https:\/\/i0.wp.com\/cdnoticias.com\/wp-content\/uploads\/2025\/06\/GOB0384.jpeg?resize=800%2C534&#038;ssl=1\" alt=\"\" class=\"wp-image-175080\" srcset=\"https:\/\/i0.wp.com\/cdnoticias.com\/wp-content\/uploads\/2025\/06\/GOB0384-scaled.jpeg?resize=1024%2C683&amp;ssl=1 1024w, https:\/\/i0.wp.com\/cdnoticias.com\/wp-content\/uploads\/2025\/06\/GOB0384-scaled.jpeg?resize=300%2C200&amp;ssl=1 300w, https:\/\/i0.wp.com\/cdnoticias.com\/wp-content\/uploads\/2025\/06\/GOB0384-scaled.jpeg?resize=768%2C512&amp;ssl=1 768w, https:\/\/i0.wp.com\/cdnoticias.com\/wp-content\/uploads\/2025\/06\/GOB0384-scaled.jpeg?resize=1536%2C1024&amp;ssl=1 1536w, https:\/\/i0.wp.com\/cdnoticias.com\/wp-content\/uploads\/2025\/06\/GOB0384-scaled.jpeg?resize=2048%2C1365&amp;ssl=1 2048w, https:\/\/i0.wp.com\/cdnoticias.com\/wp-content\/uploads\/2025\/06\/GOB0384-scaled.jpeg?resize=272%2C182&amp;ssl=1 272w, https:\/\/i0.wp.com\/cdnoticias.com\/wp-content\/uploads\/2025\/06\/GOB0384-scaled.jpeg?w=1600&amp;ssl=1 1600w, https:\/\/i0.wp.com\/cdnoticias.com\/wp-content\/uploads\/2025\/06\/GOB0384-scaled.jpeg?w=2400&amp;ssl=1 2400w\" sizes=\"auto, (max-width: 800px) 100vw, 800px\" \/><\/figure>\n\n\n\n<p>Asimismo, el gobernador hizo hincapi\u00e9 en el rol que deber\u00e1n asumir los futuros efectivos de la fuerza: <em>\u201cPara seguir transformando a la Polic\u00eda provincial contamos tambi\u00e9n con el compromiso de todas y todos los cadetes que se preparan para ser oficiales en el futuro\u201d<\/em>. Y a\u00f1adi\u00f3: <em>\u201cPor eso, este acto es un juramento de fidelidad tambi\u00e9n con el pueblo de la provincia de Buenos Aires, que los necesita para sentirse cuidado y m\u00e1s seguro\u201d<\/em>.<\/p>\n\n\n\n<p>Por su parte, el ministro de Seguridad, <strong>Javier Alonso<\/strong>, remarc\u00f3 la importancia de la formaci\u00f3n que reciben los cadetes en esta etapa: <em>\u201cCada uno de los cadetes que se encuentra en esta etapa de formaci\u00f3n est\u00e1 aprendiendo cuestiones vinculadas al derecho, a las relaciones humanas y a la protecci\u00f3n al pr\u00f3jimo\u201d<\/em>. En ese marco, se\u00f1al\u00f3: <em>\u201cEn los 135 municipios hay bonaerenses que necesitan de una fuerza m\u00e1s preparada y profesional, que los acompa\u00f1e y que les brinde seguridad\u201d<\/em>.<\/p>\n\n\n\n<figure class=\"wp-block-image size-large\"><img data-recalc-dims=\"1\" loading=\"lazy\" decoding=\"async\" width=\"800\" height=\"534\" src=\"https:\/\/i0.wp.com\/cdnoticias.com\/wp-content\/uploads\/2025\/06\/IMG_2859.jpg?resize=800%2C534&#038;ssl=1\" alt=\"\" class=\"wp-image-175078\" srcset=\"https:\/\/i0.wp.com\/cdnoticias.com\/wp-content\/uploads\/2025\/06\/IMG_2859-scaled.jpg?resize=1024%2C683&amp;ssl=1 1024w, https:\/\/i0.wp.com\/cdnoticias.com\/wp-content\/uploads\/2025\/06\/IMG_2859-scaled.jpg?resize=300%2C200&amp;ssl=1 300w, https:\/\/i0.wp.com\/cdnoticias.com\/wp-content\/uploads\/2025\/06\/IMG_2859-scaled.jpg?resize=768%2C512&amp;ssl=1 768w, https:\/\/i0.wp.com\/cdnoticias.com\/wp-content\/uploads\/2025\/06\/IMG_2859-scaled.jpg?resize=1536%2C1024&amp;ssl=1 1536w, https:\/\/i0.wp.com\/cdnoticias.com\/wp-content\/uploads\/2025\/06\/IMG_2859-scaled.jpg?resize=2048%2C1365&amp;ssl=1 2048w, https:\/\/i0.wp.com\/cdnoticias.com\/wp-content\/uploads\/2025\/06\/IMG_2859-scaled.jpg?resize=272%2C182&amp;ssl=1 272w, https:\/\/i0.wp.com\/cdnoticias.com\/wp-content\/uploads\/2025\/06\/IMG_2859-scaled.jpg?w=1600&amp;ssl=1 1600w, https:\/\/i0.wp.com\/cdnoticias.com\/wp-content\/uploads\/2025\/06\/IMG_2859-scaled.jpg?w=2400&amp;ssl=1 2400w\" sizes=\"auto, (max-width: 800px) 100vw, 800px\" \/><figcaption class=\"wp-element-caption\">default<\/figcaption><\/figure>\n\n\n\n<p>El acto cont\u00f3 con la presencia del <strong>jefe de la Polic\u00eda de la provincia de Buenos Aires<\/strong>, <strong>Javier Villar<\/strong>; el <strong>subjefe<\/strong>, <strong>Leandro Mar\u00eda Sarlo<\/strong>; el <strong>presidente del Patronato de Liberados<\/strong>, <strong>An\u00edbal Hnatiuk<\/strong>; y el <strong>director de la Escuela Juan Vucetich<\/strong>, <strong>comisario mayor Rino Liva<\/strong>. Tambi\u00e9n estuvieron presentes los intendentes de <strong>Berisso<\/strong>, <strong>Fabi\u00e1n Cagliardi<\/strong>; de <strong>Navarro<\/strong>, <strong>Facundo Diz<\/strong>; de <strong>Pilar<\/strong>, <strong>Federico Ach\u00e1val<\/strong>; y diversos funcionarios y funcionarias del gobierno provincial.<\/p>\n","protected":false},"excerpt":{"rendered":"<p>Fue en un acto encabezado por el gobernador Kicillof. \u201cPara seguir transformando a la Polic\u00eda provincial contamos tambi\u00e9n con el<\/p>\n","protected":false},"author":2,"featured_media":175079,"comment_status":"closed","ping_status":"closed","sticky":false,"template":"","format":"standard","meta":{"_jetpack_memberships_contains_paid_content":false,"footnotes":""},"categories":[6,1],"tags":[],"class_list":["post-175077","post","type-post","status-publish","format-standard","has-post-thumbnail","hentry","category-nacionales","category-portada"],"jetpack_featured_media_url":"https:\/\/i0.wp.com\/cdnoticias.com\/wp-content\/uploads\/2025\/06\/IMG_2854-scaled.jpg?fit=2560%2C1707&ssl=1","jetpack_sharing_enabled":true,"_links":{"self":[{"href":"https:\/\/cdnoticias.com\/index.php\/wp-json\/wp\/v2\/posts\/175077","targetHints":{"allow":["GET"]}}],"collection":[{"href":"https:\/\/cdnoticias.com\/index.php\/wp-json\/wp\/v2\/posts"}],"about":[{"href":"https:\/\/cdnoticias.com\/index.php\/wp-json\/wp\/v2\/types\/post"}],"author":[{"embeddable":true,"href":"https:\/\/cdnoticias.com\/index.php\/wp-json\/wp\/v2\/users\/2"}],"replies":[{"embeddable":true,"href":"https:\/\/cdnoticias.com\/index.php\/wp-json\/wp\/v2\/comments?post=175077"}],"version-history":[{"count":0,"href":"https:\/\/cdnoticias.com\/index.php\/wp-json\/wp\/v2\/posts\/175077\/revisions"}],"wp:featuredmedia":[{"embeddable":true,"href":"https:\/\/cdnoticias.com\/index.php\/wp-json\/wp\/v2\/media\/175079"}],"wp:attachment":[{"href":"https:\/\/cdnoticias.com\/index.php\/wp-json\/wp\/v2\/media?parent=175077"}],"wp:term":[{"taxonomy":"category","embeddable":true,"href":"https:\/\/cdnoticias.com\/index.php\/wp-json\/wp\/v2\/categories?post=175077"},{"taxonomy":"post_tag","embeddable":true,"href":"https:\/\/cdnoticias.com\/index.php\/wp-json\/wp\/v2\/tags?post=175077"}],"curies":[{"name":"wp","href":"https:\/\/api.w.org\/{rel}","templated":true}]}}