{"id":175072,"date":"2025-06-23T18:11:42","date_gmt":"2025-06-23T21:11:42","guid":{"rendered":"https:\/\/cdnoticias.com\/?p=175072"},"modified":"2025-06-23T18:11:44","modified_gmt":"2025-06-23T21:11:44","slug":"mas-de-40-ciclistas-participaron-de-una-nueva-jornada-de-andando-olavarria","status":"publish","type":"post","link":"https:\/\/cdnoticias.com\/index.php\/2025\/06\/23\/mas-de-40-ciclistas-participaron-de-una-nueva-jornada-de-andando-olavarria\/","title":{"rendered":"M\u00e1s de 40 ciclistas participaron de una nueva jornada de \u201cAndando Olavarr\u00eda\u201d"},"content":{"rendered":"\n<p>Fue el s\u00e1bado pasado con punto de partida en el Polo Educativo y Recreativo \u201cLa M\u00e1xima\u201d. El recorrido lleg\u00f3 hasta Monte Pelloni.<\/p>\n\n\n\n<hr class=\"wp-block-separator aligncenter has-alpha-channel-opacity\"\/>\n\n\n\n<p>El pasado s\u00e1bado se desarroll\u00f3 una<strong> nueva jornada de \u201cAndando Olavarr\u00eda\u201d, el programa de cicloturismo que impulsa el Municipio de Olavarr\u00eda, a trav\u00e9s de la Subsecretar\u00eda de Deportes.<\/strong> La actividad tuvo como punto de partida el <strong>Polo Educativo y Recreativo \u201cLa M\u00e1xima\u201d, y en esta oportunidad el recorrido lleg\u00f3 hasta Monte Pelloni, en un paseo que combin\u00f3 deporte, recreaci\u00f3n y disfrute del entorno natural.<\/strong><\/p>\n\n\n\n<figure class=\"wp-block-image size-large\"><img data-recalc-dims=\"1\" loading=\"lazy\" decoding=\"async\" width=\"800\" height=\"534\" src=\"https:\/\/i0.wp.com\/cdnoticias.com\/wp-content\/uploads\/2025\/06\/Andando-1-scaled-1.jpg?resize=800%2C534&#038;ssl=1\" alt=\"\" class=\"wp-image-175074\" srcset=\"https:\/\/i0.wp.com\/cdnoticias.com\/wp-content\/uploads\/2025\/06\/Andando-1-scaled-1.jpg?resize=1024%2C683&amp;ssl=1 1024w, https:\/\/i0.wp.com\/cdnoticias.com\/wp-content\/uploads\/2025\/06\/Andando-1-scaled-1.jpg?resize=300%2C200&amp;ssl=1 300w, https:\/\/i0.wp.com\/cdnoticias.com\/wp-content\/uploads\/2025\/06\/Andando-1-scaled-1.jpg?resize=768%2C512&amp;ssl=1 768w, https:\/\/i0.wp.com\/cdnoticias.com\/wp-content\/uploads\/2025\/06\/Andando-1-scaled-1.jpg?resize=1536%2C1024&amp;ssl=1 1536w, https:\/\/i0.wp.com\/cdnoticias.com\/wp-content\/uploads\/2025\/06\/Andando-1-scaled-1.jpg?resize=2048%2C1366&amp;ssl=1 2048w, https:\/\/i0.wp.com\/cdnoticias.com\/wp-content\/uploads\/2025\/06\/Andando-1-scaled-1.jpg?resize=272%2C182&amp;ssl=1 272w, https:\/\/i0.wp.com\/cdnoticias.com\/wp-content\/uploads\/2025\/06\/Andando-1-scaled-1.jpg?w=1600&amp;ssl=1 1600w, https:\/\/i0.wp.com\/cdnoticias.com\/wp-content\/uploads\/2025\/06\/Andando-1-scaled-1.jpg?w=2400&amp;ssl=1 2400w\" sizes=\"auto, (max-width: 800px) 100vw, 800px\" \/><\/figure>\n\n\n\n<p>Desde alrededor de las<strong> 13:30 horas, m\u00e1s de 40 ciclistas se reunieron en el espacio designado para compartir una propuesta que ofreci\u00f3 un itinerario de aproximadamente 40 kil\u00f3metros, a trav\u00e9s de caminos rurales del Partido.<\/strong> El buen clima y el entusiasmo de los participantes fueron el marco ideal para la realizaci\u00f3n de esta salida que volvi\u00f3 a convocar a vecinos y vecinas de distintas edades.<\/p>\n\n\n\n<p>El programa <strong>\u201cAndando Olavarr\u00eda\u201d est\u00e1 compuesto por salidas grupales y gratuitas en bicicleta, que son organizadas desde la Direcci\u00f3n de Deporte Social. <\/strong>La iniciativa tiene como principal objetivo fomentar h\u00e1bitos de vida saludables en toda la comunidad. <\/p>\n\n\n\n<figure class=\"wp-block-image size-large\"><img data-recalc-dims=\"1\" loading=\"lazy\" decoding=\"async\" width=\"800\" height=\"534\" src=\"https:\/\/i0.wp.com\/cdnoticias.com\/wp-content\/uploads\/2025\/06\/Andando-2-scaled-1.jpg?resize=800%2C534&#038;ssl=1\" alt=\"\" class=\"wp-image-175073\" srcset=\"https:\/\/i0.wp.com\/cdnoticias.com\/wp-content\/uploads\/2025\/06\/Andando-2-scaled-1.jpg?resize=1024%2C683&amp;ssl=1 1024w, https:\/\/i0.wp.com\/cdnoticias.com\/wp-content\/uploads\/2025\/06\/Andando-2-scaled-1.jpg?resize=300%2C200&amp;ssl=1 300w, https:\/\/i0.wp.com\/cdnoticias.com\/wp-content\/uploads\/2025\/06\/Andando-2-scaled-1.jpg?resize=768%2C512&amp;ssl=1 768w, https:\/\/i0.wp.com\/cdnoticias.com\/wp-content\/uploads\/2025\/06\/Andando-2-scaled-1.jpg?resize=1536%2C1024&amp;ssl=1 1536w, https:\/\/i0.wp.com\/cdnoticias.com\/wp-content\/uploads\/2025\/06\/Andando-2-scaled-1.jpg?resize=2048%2C1366&amp;ssl=1 2048w, https:\/\/i0.wp.com\/cdnoticias.com\/wp-content\/uploads\/2025\/06\/Andando-2-scaled-1.jpg?resize=272%2C182&amp;ssl=1 272w, https:\/\/i0.wp.com\/cdnoticias.com\/wp-content\/uploads\/2025\/06\/Andando-2-scaled-1.jpg?w=1600&amp;ssl=1 1600w, https:\/\/i0.wp.com\/cdnoticias.com\/wp-content\/uploads\/2025\/06\/Andando-2-scaled-1.jpg?w=2400&amp;ssl=1 2400w\" sizes=\"auto, (max-width: 800px) 100vw, 800px\" \/><\/figure>\n\n\n\n<p>A su vez, la propuesta apunta a <strong>revalorizar y dar a conocer los paisajes y diversos atractivos con los que cuenta el Partido de Olavarr\u00eda, mediante recorridos que invitan al contacto con la naturaleza y el patrimonio local.<\/strong><\/p>\n","protected":false},"excerpt":{"rendered":"<p>Fue el s\u00e1bado pasado con punto de partida en el Polo Educativo y Recreativo \u201cLa M\u00e1xima\u201d. El recorrido lleg\u00f3 hasta<\/p>\n","protected":false},"author":2,"featured_media":175075,"comment_status":"closed","ping_status":"closed","sticky":false,"template":"","format":"standard","meta":{"_jetpack_memberships_contains_paid_content":false,"footnotes":""},"categories":[5,1],"tags":[],"class_list":["post-175072","post","type-post","status-publish","format-standard","has-post-thumbnail","hentry","category-informacion-general","category-portada"],"jetpack_featured_media_url":"https:\/\/i0.wp.com\/cdnoticias.com\/wp-content\/uploads\/2025\/06\/Andando-3-scaled-1.jpg?fit=2560%2C1707&ssl=1","jetpack_sharing_enabled":true,"_links":{"self":[{"href":"https:\/\/cdnoticias.com\/index.php\/wp-json\/wp\/v2\/posts\/175072","targetHints":{"allow":["GET"]}}],"collection":[{"href":"https:\/\/cdnoticias.com\/index.php\/wp-json\/wp\/v2\/posts"}],"about":[{"href":"https:\/\/cdnoticias.com\/index.php\/wp-json\/wp\/v2\/types\/post"}],"author":[{"embeddable":true,"href":"https:\/\/cdnoticias.com\/index.php\/wp-json\/wp\/v2\/users\/2"}],"replies":[{"embeddable":true,"href":"https:\/\/cdnoticias.com\/index.php\/wp-json\/wp\/v2\/comments?post=175072"}],"version-history":[{"count":0,"href":"https:\/\/cdnoticias.com\/index.php\/wp-json\/wp\/v2\/posts\/175072\/revisions"}],"wp:featuredmedia":[{"embeddable":true,"href":"https:\/\/cdnoticias.com\/index.php\/wp-json\/wp\/v2\/media\/175075"}],"wp:attachment":[{"href":"https:\/\/cdnoticias.com\/index.php\/wp-json\/wp\/v2\/media?parent=175072"}],"wp:term":[{"taxonomy":"category","embeddable":true,"href":"https:\/\/cdnoticias.com\/index.php\/wp-json\/wp\/v2\/categories?post=175072"},{"taxonomy":"post_tag","embeddable":true,"href":"https:\/\/cdnoticias.com\/index.php\/wp-json\/wp\/v2\/tags?post=175072"}],"curies":[{"name":"wp","href":"https:\/\/api.w.org\/{rel}","templated":true}]}}