{"id":175070,"date":"2025-06-23T16:59:02","date_gmt":"2025-06-23T19:59:02","guid":{"rendered":"https:\/\/cdnoticias.com\/?p=175070"},"modified":"2025-06-23T19:47:51","modified_gmt":"2025-06-23T22:47:51","slug":"se-reprograman-las-fogatas-de-san-juan-san-pedro-y-san-pablo-por-el-alerta-de-vientos","status":"publish","type":"post","link":"https:\/\/cdnoticias.com\/index.php\/2025\/06\/23\/se-reprograman-las-fogatas-de-san-juan-san-pedro-y-san-pablo-por-el-alerta-de-vientos\/","title":{"rendered":"Se reprograman las fogatas de San Juan, San Pedro y San Pablo por el alerta de vientos"},"content":{"rendered":"\n<p>Todo comenzar\u00e1 este martes en Sierra Chica y el Parque Valverde. El cronograma ser\u00e1 hasta el s\u00e1bado. Adem\u00e1s, estar\u00e1 la noche de los candiles en Espigas.<\/p>\n\n\n\n<hr class=\"wp-block-separator aligncenter has-alpha-channel-opacity\"\/>\n\n\n\n<p>El Municipio de Olavarr\u00eda, mediante la Subsecretar\u00eda de Cultura y Educaci\u00f3n<strong>, inform\u00f3 la reprogramaci\u00f3n de las tradicionales fogatas de San Juan, San Pedro y San Pablo en distintas localidades del Partido, debido al alerta por fuertes vientos emitido por el Servicio Meteorol\u00f3gico Nacional para la jornada de este lunes.<\/strong> Las nuevas fechas y horarios fueron detallados en un cronograma oficial.<\/p>\n\n\n\n<p class=\"has-medium-font-size\">Cronograma actualizado<\/p>\n\n\n\n<p><strong>Martes 24 de junio<\/strong><\/p>\n\n\n\n<p>16:30 horas: Fogata de San Juan y San Pedro en el Museo Municipal de la Piedra \u201cEmma Occhi\u201d de Sierra Chica. En el lugar habr\u00e1 venta de tortas y chocolate, a cargo de la Escuela Secundaria N\u00ba 17.<\/p>\n\n\n\n<p>17 horas: Celebraci\u00f3n de la Fogata de San Juan y San Pedro en el Parque Valverde. La propuesta contar\u00e1 con venta de choripanes y gaseosas, a beneficio del Jard\u00edn de Infantes N\u00ba 909.<\/p>\n\n\n\n<p><strong>Mi\u00e9rcoles 25 de junio<\/strong><\/p>\n\n\n\n<p>16:30 horas: Celebraci\u00f3n de la Fogata de San Juan y San Pedro en el Barrio AOMA, en la intersecci\u00f3n de San Mart\u00edn y Barcala, organizada por la Mesa de Gesti\u00f3n Territorial.<\/p>\n\n\n\n<p><strong>S\u00e1bado 28 de junio<\/strong><\/p>\n\n\n\n<p>17 horas: Fogata de San Pablo en el Museo Municipal de Hinojo. En el lugar se ofrecer\u00e1 venta de guiso, a cargo del C.E.C N\u00ba 804, y de panchos, a beneficio de la Escuela E.E.S N\u00ba 4.<\/p>\n\n\n\n<p><strong>Noche de los Candiles en Espigas<\/strong><\/p>\n\n\n\n<p>En el marco de estas celebraciones, desde la Subsecretar\u00eda de Cultura y la Direcci\u00f3n de Patrimonio Cultural se invita a toda la comunidad a participar de la Noche de los Candiles, que tendr\u00e1 lugar <strong>el s\u00e1bado 28 de junio a las 18:30 horas en el Museo Municipal de Espigas. <\/strong>La propuesta consiste en un desfile por las calles de la localidad portando candiles, recordando una tradici\u00f3n profundamente arraigada en la historia del lugar.<\/p>\n\n\n\n<p>Esta actividad rememora<strong> el uso de candiles como medio de iluminaci\u00f3n en \u00e9pocas en que no hab\u00eda otro recurso disponible, especialmente en el \u00e1mbito rural.<\/strong> Los candiles eran elaborados de manera artesanal, utilizando latas o utensilios en desuso, trapos \u2014preferentemente arpillera\u2014 y grasa de oveja o de vaca, elementos de f\u00e1cil acceso en el campo.<\/p>\n\n\n\n<p>Para consultas, se puede contactar al correo electr\u00f3nico <strong>museoespigas@gmail.com o al tel\u00e9fono 2284 717787. <\/strong>El Museo de Espigas atiende en horario de invierno de mi\u00e9rcoles a viernes de 9 a 15 horas, y los s\u00e1bados y domingos de 15 a 18 horas.<\/p>\n\n\n\n<p class=\"has-medium-font-size\">La tradici\u00f3n de las fogatas<\/p>\n\n\n\n<p>Las festividades de <strong>San Juan, San Pedro y San Pablo incluyen la organizaci\u00f3n de fogatas, tradici\u00f3n que se realiza en Olavarr\u00eda desde aproximadamente 1899<\/strong>. En el marco de estas celebraciones, se construyen mu\u00f1ecos que son quemados en las fogatas como parte de un ritual que combina elementos de tradiciones paganas y cristianas, y que se vincula con la cultura popular de Argentina y de distintos pa\u00edses de Am\u00e9rica Latina.<\/p>\n\n\n\n<p><strong>Estas celebraciones tienen su origen en pr\u00e1cticas culturales de diversos pueblos andinos y de comunidades originarias del territorio argentino.<\/strong> Dichas comunidades fueron profundamente afectadas por el proceso de colonizaci\u00f3n europea, que implic\u00f3 genocidio, invisibilizaci\u00f3n y apropiaci\u00f3n cultural. Como parte de ese proceso, <strong>las fogatas fueron adaptadas al cristianismo, pasando a denominarse \u201cFogatas de San Juan y San Pedro\u201d y \u201cFogatas de San Pablo\u201d.<\/strong><\/p>\n\n\n\n<p>Del 24 al 28 de junio, se desarrollar\u00e1n estas actividades tradicionales, organizadas en un trabajo conjunto entre las delegaciones municipales, la comunidad educativa de cada localidad, distintas instituciones (como bibliotecas y sociedades de fomento), y los Museos de los Pueblos.<\/p>\n","protected":false},"excerpt":{"rendered":"<p>Todo comenzar\u00e1 este martes en Sierra Chica y el Parque Valverde. El cronograma ser\u00e1 hasta el s\u00e1bado. Adem\u00e1s, estar\u00e1 la<\/p>\n","protected":false},"author":2,"featured_media":58378,"comment_status":"closed","ping_status":"closed","sticky":false,"template":"","format":"standard","meta":{"_jetpack_memberships_contains_paid_content":false,"footnotes":""},"categories":[5,1],"tags":[],"class_list":["post-175070","post","type-post","status-publish","format-standard","has-post-thumbnail","hentry","category-informacion-general","category-portada"],"jetpack_featured_media_url":"https:\/\/i0.wp.com\/cdnoticias.com\/wp-content\/uploads\/2022\/06\/DS-Fogata-El-Progreso-8.jpeg?fit=1600%2C1200&ssl=1","jetpack_sharing_enabled":true,"_links":{"self":[{"href":"https:\/\/cdnoticias.com\/index.php\/wp-json\/wp\/v2\/posts\/175070","targetHints":{"allow":["GET"]}}],"collection":[{"href":"https:\/\/cdnoticias.com\/index.php\/wp-json\/wp\/v2\/posts"}],"about":[{"href":"https:\/\/cdnoticias.com\/index.php\/wp-json\/wp\/v2\/types\/post"}],"author":[{"embeddable":true,"href":"https:\/\/cdnoticias.com\/index.php\/wp-json\/wp\/v2\/users\/2"}],"replies":[{"embeddable":true,"href":"https:\/\/cdnoticias.com\/index.php\/wp-json\/wp\/v2\/comments?post=175070"}],"version-history":[{"count":0,"href":"https:\/\/cdnoticias.com\/index.php\/wp-json\/wp\/v2\/posts\/175070\/revisions"}],"wp:featuredmedia":[{"embeddable":true,"href":"https:\/\/cdnoticias.com\/index.php\/wp-json\/wp\/v2\/media\/58378"}],"wp:attachment":[{"href":"https:\/\/cdnoticias.com\/index.php\/wp-json\/wp\/v2\/media?parent=175070"}],"wp:term":[{"taxonomy":"category","embeddable":true,"href":"https:\/\/cdnoticias.com\/index.php\/wp-json\/wp\/v2\/categories?post=175070"},{"taxonomy":"post_tag","embeddable":true,"href":"https:\/\/cdnoticias.com\/index.php\/wp-json\/wp\/v2\/tags?post=175070"}],"curies":[{"name":"wp","href":"https:\/\/api.w.org\/{rel}","templated":true}]}}