{"id":175067,"date":"2025-06-23T16:29:49","date_gmt":"2025-06-23T19:29:49","guid":{"rendered":"https:\/\/cdnoticias.com\/?p=175067"},"modified":"2025-06-25T18:04:55","modified_gmt":"2025-06-25T21:04:55","slug":"loma-negra-y-la-zona-rural-sin-energia-electrica","status":"publish","type":"post","link":"https:\/\/cdnoticias.com\/index.php\/2025\/06\/23\/loma-negra-y-la-zona-rural-sin-energia-electrica\/","title":{"rendered":"Loma Negra y la zona rural sin energ\u00eda el\u00e9ctrica"},"content":{"rendered":"\n<p>Se registra desde pasadas las 14:00 horas. Coopelectric inform\u00f3 que trabaja en el lugar.<\/p>\n\n\n\n<hr class=\"wp-block-separator aligncenter has-alpha-channel-opacity\"\/>\n\n\n\n<p>Este lunes, y producto de diversas razones,<strong> se registr\u00f3 la salida de servicio de la l\u00ednea de Media Tensi\u00f3n que alimenta a la localidad de Loma Negra y la zona rural.<\/strong><\/p>\n\n\n\n<p><strong>El hecho se registr\u00f3 pasadas las 14:00 horas<\/strong>, seg\u00fan lo que comentaron varios usuarios a Central de Noticias.<\/p>\n\n\n\n<p><em>\u201cEl personal operativo de Coopelectric se encuentra realizando tareas para poder normalizar el suministro\u201d<\/em> indic\u00f3 la cooperativa en un comunicado oficial.<\/p>\n\n\n\n<p><\/p>\n","protected":false},"excerpt":{"rendered":"<p>Se registra desde pasadas las 14:00 horas. Coopelectric inform\u00f3 que trabaja en el lugar. Este lunes, y producto de diversas<\/p>\n","protected":false},"author":2,"featured_media":134719,"comment_status":"closed","ping_status":"closed","sticky":false,"template":"","format":"standard","meta":{"_jetpack_memberships_contains_paid_content":false,"footnotes":""},"categories":[5,1],"tags":[],"class_list":["post-175067","post","type-post","status-publish","format-standard","has-post-thumbnail","hentry","category-informacion-general","category-portada"],"jetpack_featured_media_url":"https:\/\/i0.wp.com\/cdnoticias.com\/wp-content\/uploads\/2025\/01\/corte-programado-coopelectric3.jpg?fit=1072%2C597&ssl=1","jetpack_sharing_enabled":true,"_links":{"self":[{"href":"https:\/\/cdnoticias.com\/index.php\/wp-json\/wp\/v2\/posts\/175067","targetHints":{"allow":["GET"]}}],"collection":[{"href":"https:\/\/cdnoticias.com\/index.php\/wp-json\/wp\/v2\/posts"}],"about":[{"href":"https:\/\/cdnoticias.com\/index.php\/wp-json\/wp\/v2\/types\/post"}],"author":[{"embeddable":true,"href":"https:\/\/cdnoticias.com\/index.php\/wp-json\/wp\/v2\/users\/2"}],"replies":[{"embeddable":true,"href":"https:\/\/cdnoticias.com\/index.php\/wp-json\/wp\/v2\/comments?post=175067"}],"version-history":[{"count":0,"href":"https:\/\/cdnoticias.com\/index.php\/wp-json\/wp\/v2\/posts\/175067\/revisions"}],"wp:featuredmedia":[{"embeddable":true,"href":"https:\/\/cdnoticias.com\/index.php\/wp-json\/wp\/v2\/media\/134719"}],"wp:attachment":[{"href":"https:\/\/cdnoticias.com\/index.php\/wp-json\/wp\/v2\/media?parent=175067"}],"wp:term":[{"taxonomy":"category","embeddable":true,"href":"https:\/\/cdnoticias.com\/index.php\/wp-json\/wp\/v2\/categories?post=175067"},{"taxonomy":"post_tag","embeddable":true,"href":"https:\/\/cdnoticias.com\/index.php\/wp-json\/wp\/v2\/tags?post=175067"}],"curies":[{"name":"wp","href":"https:\/\/api.w.org\/{rel}","templated":true}]}}