{"id":17505,"date":"2021-03-30T11:59:03","date_gmt":"2021-03-30T14:59:03","guid":{"rendered":"http:\/\/www.centraldenoticias.com.ar\/?p=17505"},"modified":"2021-03-30T11:59:03","modified_gmt":"2021-03-30T14:59:03","slug":"buscaran-crear-en-el-hcd-la-mesa-mas-trabajo-menos-reincidencia","status":"publish","type":"post","link":"https:\/\/cdnoticias.com\/index.php\/2021\/03\/30\/buscaran-crear-en-el-hcd-la-mesa-mas-trabajo-menos-reincidencia\/","title":{"rendered":"Buscar\u00e1n crear en el HCD la Mesa \u201cM\u00e1s trabajo, menos reincidencia\u201d"},"content":{"rendered":"<p>La rama de liberados del MTE mantuvieron un encuentro con las comisiones de Trabajo y Educaci\u00f3n del HCD. Buscar\u00e1n aprobar un proyecto de ordenanza.\u00a0<!--more--><\/p>\n<hr \/>\n<p>En la jornada de este lunes<strong> la rama de liberados del MTE se reunieron con integrantes de las comisiones de Trabajo y Educaci\u00f3n del Concejo Deliberante para crear la Mesa \u201cM\u00e1s trabajo, menos reincidencia<\/strong>\u201d mediante la aprobaci\u00f3n de un proyecto de ordenanza en el \u00e1mbito deliberativo.<\/p>\n<p>&nbsp;<\/p>\n<blockquote><p>Participaron por el MTE Emiliano Llorente y Federico Bargas, y esta mesa busca<em> \u201creunir a los actores indispensables para pensar una pol\u00edtica de seguridad a trav\u00e9s del trabajo\u201d.<\/em><\/p><\/blockquote>\n<p>&nbsp;<\/p>\n<p>Esta mesa la integrar\u00edan, adem\u00e1s de los sectores reunidos,<em> \u201cla Municipalidad de Olavarr\u00eda, las organizaciones de la econom\u00eda popular de liberadxs y dem\u00e1s organismos de competencia\u201d.<\/em><\/p>\n<p>&nbsp;<\/p>\n<p>El MTE se\u00f1al\u00f3 tras el encuentro que <em>\u201ccreemos, apostamos y luchamos para combatir la reincidencia a trav\u00e9s del trabajo y el acompa\u00f1amiento integral\u201d.<\/em> Finalizaron deseando <strong><em>\u201cun mundo sin esclavos, ni excluidos, a la c\u00e1rcel nunca m\u00e1s\u201d.<\/em><\/strong><\/p>\n","protected":false},"excerpt":{"rendered":"<p>La rama de liberados del MTE mantuvieron un encuentro con las comisiones de Trabajo y Educaci\u00f3n del HCD. Buscar\u00e1n aprobar<\/p>\n","protected":false},"author":2,"featured_media":17506,"comment_status":"closed","ping_status":"closed","sticky":false,"template":"","format":"standard","meta":{"_jetpack_memberships_contains_paid_content":false,"footnotes":""},"categories":[4,1],"tags":[],"class_list":["post-17505","post","type-post","status-publish","format-standard","has-post-thumbnail","hentry","category-politica","category-portada"],"jetpack_featured_media_url":"https:\/\/i0.wp.com\/cdnoticias.com\/wp-content\/uploads\/2021\/03\/WhatsApp-Image-2021-03-29-at-14.08.49.jpeg?fit=1280%2C961&ssl=1","jetpack_sharing_enabled":true,"_links":{"self":[{"href":"https:\/\/cdnoticias.com\/index.php\/wp-json\/wp\/v2\/posts\/17505","targetHints":{"allow":["GET"]}}],"collection":[{"href":"https:\/\/cdnoticias.com\/index.php\/wp-json\/wp\/v2\/posts"}],"about":[{"href":"https:\/\/cdnoticias.com\/index.php\/wp-json\/wp\/v2\/types\/post"}],"author":[{"embeddable":true,"href":"https:\/\/cdnoticias.com\/index.php\/wp-json\/wp\/v2\/users\/2"}],"replies":[{"embeddable":true,"href":"https:\/\/cdnoticias.com\/index.php\/wp-json\/wp\/v2\/comments?post=17505"}],"version-history":[{"count":0,"href":"https:\/\/cdnoticias.com\/index.php\/wp-json\/wp\/v2\/posts\/17505\/revisions"}],"wp:featuredmedia":[{"embeddable":true,"href":"https:\/\/cdnoticias.com\/index.php\/wp-json\/wp\/v2\/media\/17506"}],"wp:attachment":[{"href":"https:\/\/cdnoticias.com\/index.php\/wp-json\/wp\/v2\/media?parent=17505"}],"wp:term":[{"taxonomy":"category","embeddable":true,"href":"https:\/\/cdnoticias.com\/index.php\/wp-json\/wp\/v2\/categories?post=17505"},{"taxonomy":"post_tag","embeddable":true,"href":"https:\/\/cdnoticias.com\/index.php\/wp-json\/wp\/v2\/tags?post=17505"}],"curies":[{"name":"wp","href":"https:\/\/api.w.org\/{rel}","templated":true}]}}