{"id":175037,"date":"2025-06-23T11:44:37","date_gmt":"2025-06-23T14:44:37","guid":{"rendered":"https:\/\/cdnoticias.com\/?p=175037"},"modified":"2025-06-23T11:45:56","modified_gmt":"2025-06-23T14:45:56","slug":"legislatura-bonaerense-sesion-para-designar-mas-cargos-judiciales-incluyendo-para-olavarria","status":"publish","type":"post","link":"https:\/\/cdnoticias.com\/index.php\/2025\/06\/23\/legislatura-bonaerense-sesion-para-designar-mas-cargos-judiciales-incluyendo-para-olavarria\/","title":{"rendered":"Legislatura bonaerense: sesi\u00f3n para designar m\u00e1s cargos judiciales, incluyendo para Olavarr\u00eda"},"content":{"rendered":"<p>El Senado convoc\u00f3 para este martes. Las reelecciones tambi\u00e9n est\u00e1n en la agenda. Tambi\u00e9n arranca el jury contra la juez Makintach, suspendida por el esc\u00e1ndalo en el juicio por la muerte de Maradona.<!--more--><\/p>\n<hr \/>\n<p>El<strong> Senado bonaerense<\/strong> convoc\u00f3 a <strong>sesionar el pr\u00f3ximo martes<\/strong> con el objetivo de avanzar en la<strong> aprobaci\u00f3n de 75 cargos para el poder judicial<\/strong> y en la agenda figura tambi\u00e9n <strong>un proyecto para devolverles a los diputados y senadores provinciales la posibilidad de la reelecci\u00f3n indefinida<\/strong>, que hoy tienen restringida a dos mandatos.<\/p>\n<p>La sesi\u00f3n de la c\u00e1mara Alta provincia -ser\u00eda la segunda de un a\u00f1o que, como la mayor\u00eda de los electorales, es pobre en actividad legislativa- est\u00e1 convocada para el martes a las 15.<\/p>\n<p>Los pliegos que se tratar\u00edan forman parte del <strong>paquete de designaciones con el que ya se avanz\u00f3 el mes pasado<\/strong>, cuando <a href=\"https:\/\/cdnoticias.com\/index.php\/2025\/05\/28\/de-nueve-pliegos-aprobaran-solo-uno-para-cargos-judiciales-en-el-departamento-judicial-de-azul\/\" target=\"_blank\" rel=\"noopener\">la Legislatura le dio el OK a 131 nuevos jueces, fiscales y defensores<\/a>, una medida que reclamaba buena parte de la oposici\u00f3n pero con la que se avanz\u00f3 reci\u00e9n despu\u00e9s de un acuerdo en el oficialismo, donde hubo roces por las designaciones para La Matanza.<\/p>\n<blockquote><p>Los nuevos pliegos forman parte del paquete de 205 cargos que envi\u00f3 al parlamento el Ejecutivo a fines de 2004 y ser\u00e1 revisados el martes mismo por la ma\u00f1ana en la Comisi\u00f3n de Asuntos Constitucionales, que preside el camporista Emmanuel Gonz\u00e1lez Santalla. Se supone que tras ese tr\u00e1mite, quedar\u00e1 todo listo para avanzar en el recinto esa misma tarde. Entre los pliegos se cuentan algunos para Olavarr\u00eda.<\/p><\/blockquote>\n<p>Al mismo tiempo, en el orden del d\u00eda que comunic\u00f3<strong> la c\u00e1mara Alta figura el proyecto para derogar la restricci\u00f3n a una sola reelecci\u00f3n para diputados, senadores y concejales<\/strong>. Se trata de un proyecto que genera<strong> roces<\/strong> y que <em>no pudo ser aprobado el 4 de junio pasado<\/em>, debido al rechazo de bancadas opositoras y de la senadora del FR Sof\u00eda Vannelli a la que se sum\u00f3 Federico Fagioli, alineado con Juan Grabois, impidieron alcanzar el qu\u00f3rum para funcionar.<\/p>\n<p>Ahora, <strong>habr\u00e1 que ver si el peronismo junta las voluntades necesarias para avanzar<\/strong>, ya que todo ocurre en un marco de tensi\u00f3n interna. El proyecto en discusi\u00f3n fue presentado por el senador Luis Vivona y responde a la mirada del cristinismo. Pero a la vez existe otro, del kicillofismo, que suma a los Intendentes, que tambi\u00e9n tienen las reelecciones limitadas. En un marco de desconfianzas en la sesi\u00f3n previa el kicillofismo termin\u00f3 por apoyar la postura del Instituto Patria, aunque habr\u00e1 que ver si ahora repiten esa postura.<\/p>\n<p>La sesi\u00f3n, por otra parte, podr\u00eda quedar cruzada con otra negociaci\u00f3n:<strong> el lunes habr\u00e1 una reuni\u00f3n de la Comisi\u00f3n de Presupuesto<\/strong> y de all\u00ed podr\u00eda salir un impulso para tratar el <strong>proyecto de ley para autorizar endeudamiento<\/strong> y <a href=\"https:\/\/cdnoticias.com\/index.php\/2025\/05\/08\/kicillof-pide-endeudarse-por-el-equivalente-en-pesos-a-us-1-045-millones-y-suspender-deudas-municipales-del-covid\/\" target=\"_blank\" rel=\"noopener\">habilitar una postergaci\u00f3n en el pago de la deuda<\/a> generada por un fondo que recibieron las comunas para hacer frente a la emergencia de Covid.<\/p>\n<p>El martes de s\u00faper acci\u00f3n en el Senado bonaerense tendr\u00e1 un condimento extra, ya que <strong>se confirm\u00f3 el inicio del el Jury a la jueza Julieta Makintach<\/strong>. Se\u00f1alada como responsable de las irregularidades en el juicio por la muerte de Diego Maradona que hicieron caer la causa y que el juicio vuelva a foja cero.<\/p>\n<p>Tras conocerse que <em>Makintach protagonizaba un documental llamado \u201cJusticia Divina\u201d<\/em>, con toma de im\u00e1genes de las audiencias sin consentimiento de las partes, la magistrada del Tribunal Oral N\u00b0 2 fue apartada del caso y gener\u00f3 una gran cantidad de denuncias en su contra para apartarla del caso y suspenderla como jueza.<\/p>\n<p><strong>Julieta Makintach, present\u00f3 su renuncia luego de los diferentes pedidos de juicio pol\u00edtico<\/strong> presentados por los diputados de La Libertad Avanza Agust\u00edn Romo, Florencia Retamozo y Fernando Compagnoni; por el titular de la ONG Fundaci\u00f3n por la Paz y el Cambio Clim\u00e1tico, Fernando M\u00edguez; por Fernando Burlando, abogado que representa a las hijas del 10 Dalma y Gianina Maradona, por el Colegio de Abogados de San Isidro, y el pedido presentado por el Procurador General de la provincia de Buenos Aires, Julio Conte Grand.<\/p>\n<p>Del Jury a la jueza Julieta Makintach participar\u00e1n como conjueces los senadores bonaerenses Ariel Bordaisco y <a href=\"https:\/\/cdnoticias.com\/index.php\/2025\/06\/21\/una-senadora-de-la-septima-conjueza-del-jury-contra-julieta-makintach\/\" target=\"_blank\" rel=\"noopener\">Lorena Mandagar\u00e1n (bloque UCR Cambio Federal)<\/a> y Sergio Vargas (Uni\u00f3n, Renovaci\u00f3n y Fe) y las diputadas Abigail G\u00f3mez (La Libertad Avanza) y Maite Alvado, de Uni\u00f3n por la Patria.<\/p>\n<p>En tanto los suplentes designados ser\u00e1n los diputados Diego Garciarena (UCR Cambio Federal) y Guillermo Castello (La Libertad Avanza), adem\u00e1s de la senadora peronista Gabriela de Mar\u00eda (Uni\u00f3n por la Patria).<\/p>\n<p>Los conjueces seleccionados para llevar adelante el Jury de enjuiciamiento a la jueza Makintach son: Fabian Ram\u00f3n Gonz\u00e1lez, del Departamento Judicial Mor\u00f3n; Mirta Daniela Greco, del Departamento Judicial Lomas de Zamora; Pablo Agust\u00edn Grillo Cicchini del Departamento Judicial La Plata; Mar\u00eda Victoria Lorences, del Departamento Judicial Lomas de Zamora y \u00c1lvaro Garc\u00eda Orsi, del Departamento Judicial La Plata. Los conjueces suplentes ser\u00e1n Guillermo Andr\u00e9s Marcos del Departamento Judicial Bah\u00eda Blanca; Alberto Biglieri, del Departamento Judicial Lonas de Zamora y Lisandro Benito, del Departamento Judicial La Plata.<\/p>\n<p>Fuente: <em>Agencia DIB<\/em><\/p>\n","protected":false},"excerpt":{"rendered":"<p>El Senado convoc\u00f3 para este martes. Las reelecciones tambi\u00e9n est\u00e1n en la agenda. Tambi\u00e9n arranca el jury contra la juez<\/p>\n","protected":false},"author":4,"featured_media":174875,"comment_status":"closed","ping_status":"closed","sticky":false,"template":"","format":"standard","meta":{"_jetpack_memberships_contains_paid_content":false,"footnotes":""},"categories":[6,1],"tags":[],"class_list":["post-175037","post","type-post","status-publish","format-standard","has-post-thumbnail","hentry","category-nacionales","category-portada"],"jetpack_featured_media_url":"https:\/\/i0.wp.com\/cdnoticias.com\/wp-content\/uploads\/2025\/06\/SENADO.jpg?fit=1500%2C1000&ssl=1","jetpack_sharing_enabled":true,"_links":{"self":[{"href":"https:\/\/cdnoticias.com\/index.php\/wp-json\/wp\/v2\/posts\/175037","targetHints":{"allow":["GET"]}}],"collection":[{"href":"https:\/\/cdnoticias.com\/index.php\/wp-json\/wp\/v2\/posts"}],"about":[{"href":"https:\/\/cdnoticias.com\/index.php\/wp-json\/wp\/v2\/types\/post"}],"author":[{"embeddable":true,"href":"https:\/\/cdnoticias.com\/index.php\/wp-json\/wp\/v2\/users\/4"}],"replies":[{"embeddable":true,"href":"https:\/\/cdnoticias.com\/index.php\/wp-json\/wp\/v2\/comments?post=175037"}],"version-history":[{"count":0,"href":"https:\/\/cdnoticias.com\/index.php\/wp-json\/wp\/v2\/posts\/175037\/revisions"}],"wp:featuredmedia":[{"embeddable":true,"href":"https:\/\/cdnoticias.com\/index.php\/wp-json\/wp\/v2\/media\/174875"}],"wp:attachment":[{"href":"https:\/\/cdnoticias.com\/index.php\/wp-json\/wp\/v2\/media?parent=175037"}],"wp:term":[{"taxonomy":"category","embeddable":true,"href":"https:\/\/cdnoticias.com\/index.php\/wp-json\/wp\/v2\/categories?post=175037"},{"taxonomy":"post_tag","embeddable":true,"href":"https:\/\/cdnoticias.com\/index.php\/wp-json\/wp\/v2\/tags?post=175037"}],"curies":[{"name":"wp","href":"https:\/\/api.w.org\/{rel}","templated":true}]}}