{"id":175026,"date":"2025-06-23T08:57:40","date_gmt":"2025-06-23T11:57:40","guid":{"rendered":"https:\/\/cdnoticias.com\/?p=175026"},"modified":"2025-06-23T08:57:42","modified_gmt":"2025-06-23T11:57:42","slug":"con-la-llegada-del-invierno-nevadas-en-la-provincia-de-buenos-aires","status":"publish","type":"post","link":"https:\/\/cdnoticias.com\/index.php\/2025\/06\/23\/con-la-llegada-del-invierno-nevadas-en-la-provincia-de-buenos-aires\/","title":{"rendered":"Con la llegada del invierno, nevadas en la provincia de Buenos Aires"},"content":{"rendered":"<p>Cay\u00f3 nieve en distintos puntos de Tornquist, con algunos coletazos en otros distritos de la zona, como Saavedra.<!--more--><\/p>\n<hr \/>\n<p>Tal como hab\u00eda advertido el Servicio Meteorol\u00f3gico Nacional, este domingo <strong>se registraron nevadas en Sierra de la Ventana y alrededores<\/strong>.<\/p>\n<p>Desde las <strong>primeras horas de la ma\u00f1ana cay\u00f3 nieve<\/strong> en distintos puntos de<strong> Tornquist<\/strong>, con algunos coletazos en la zona, como en el partido de<strong> Saavedra<\/strong>, entre otros, seg\u00fan informa La Nueva.<\/p>\n<p>Los pron\u00f3sticos ya advert\u00edan que este fen\u00f3meno pod\u00eda darse. Por esta raz\u00f3n, desde la comuna de Tornquist se solicit\u00f3 transitar con precauci\u00f3n sobre la ruta provincial 76. Seg\u00fan se indic\u00f3 desde la Secretar\u00eda de Seguridad,<strong> sobre el sector del Abra de la Ventana hab\u00eda hielo que provocaba el congelamiento de la cinta asf\u00e1ltica.<\/strong><\/p>\n<blockquote class=\"instagram-media\" style=\"background: #FFF; border: 0; border-radius: 3px; box-shadow: 0 0 1px 0 rgba(0,0,0,0.5),0 1px 10px 0 rgba(0,0,0,0.15); margin: 1px; max-width: 540px; min-width: 326px; padding: 0; width: calc(100% - 2px);\" data-instgrm-permalink=\"https:\/\/www.instagram.com\/reel\/DLN036FCgFP\/?utm_source=ig_embed&amp;utm_campaign=loading\" data-instgrm-version=\"14\">\n<div style=\"padding: 16px;\">\n<div style=\"display: flex; flex-direction: row; align-items: center;\">\n<div style=\"background-color: #f4f4f4; border-radius: 50%; flex-grow: 0; height: 40px; margin-right: 14px; width: 40px;\"><\/div>\n<div style=\"display: flex; flex-direction: column; flex-grow: 1; justify-content: center;\">\n<div style=\"background-color: #f4f4f4; border-radius: 4px; flex-grow: 0; height: 14px; margin-bottom: 6px; width: 100px;\"><\/div>\n<div style=\"background-color: #f4f4f4; border-radius: 4px; flex-grow: 0; height: 14px; width: 60px;\"><\/div>\n<\/div>\n<\/div>\n<div style=\"padding: 19% 0;\"><\/div>\n<div style=\"display: block; height: 50px; margin: 0 auto 12px; width: 50px;\"><\/div>\n<div style=\"padding-top: 8px;\">\n<div style=\"color: #3897f0; font-family: Arial,sans-serif; font-size: 14px; font-style: normal; font-weight: 550; line-height: 18px;\">Ver esta publicaci\u00f3n en Instagram<\/div>\n<\/div>\n<div style=\"padding: 12.5% 0;\"><\/div>\n<div style=\"display: flex; flex-direction: row; margin-bottom: 14px; align-items: center;\">\n<div>\n<div style=\"background-color: #f4f4f4; border-radius: 50%; height: 12.5px; width: 12.5px; transform: translateX(0px) translateY(7px);\"><\/div>\n<div style=\"background-color: #f4f4f4; height: 12.5px; transform: rotate(-45deg) translateX(3px) translateY(1px); width: 12.5px; flex-grow: 0; margin-right: 14px; margin-left: 2px;\"><\/div>\n<div style=\"background-color: #f4f4f4; border-radius: 50%; height: 12.5px; width: 12.5px; transform: translateX(9px) translateY(-18px);\"><\/div>\n<\/div>\n<div style=\"margin-left: 8px;\">\n<div style=\"background-color: #f4f4f4; border-radius: 50%; flex-grow: 0; height: 20px; width: 20px;\"><\/div>\n<div style=\"width: 0; height: 0; border-top: 2px solid transparent; border-left: 6px solid #f4f4f4; border-bottom: 2px solid transparent; transform: translateX(16px) translateY(-4px) rotate(30deg);\"><\/div>\n<\/div>\n<div style=\"margin-left: auto;\">\n<div style=\"width: 0px; border-top: 8px solid #F4F4F4; border-right: 8px solid transparent; transform: translateY(16px);\"><\/div>\n<div style=\"background-color: #f4f4f4; flex-grow: 0; height: 12px; width: 16px; transform: translateY(-4px);\"><\/div>\n<div style=\"width: 0; height: 0; border-top: 8px solid #F4F4F4; border-left: 8px solid transparent; transform: translateY(-4px) translateX(8px);\"><\/div>\n<\/div>\n<\/div>\n<div style=\"display: flex; flex-direction: column; flex-grow: 1; justify-content: center; margin-bottom: 24px;\">\n<div style=\"background-color: #f4f4f4; border-radius: 4px; flex-grow: 0; height: 14px; margin-bottom: 6px; width: 224px;\"><\/div>\n<div style=\"background-color: #f4f4f4; border-radius: 4px; flex-grow: 0; height: 14px; width: 144px;\"><\/div>\n<\/div>\n<p style=\"color: #c9c8cd; font-family: Arial,sans-serif; font-size: 14px; line-height: 17px; margin-bottom: 0; margin-top: 8px; overflow: hidden; padding: 8px 0 7px; text-align: center; text-overflow: ellipsis; white-space: nowrap;\"><a style=\"color: #c9c8cd; font-family: Arial,sans-serif; font-size: 14px; font-style: normal; font-weight: normal; line-height: 17px; text-decoration: none;\" href=\"https:\/\/www.instagram.com\/reel\/DLN036FCgFP\/?utm_source=ig_embed&amp;utm_campaign=loading\" target=\"_blank\" rel=\"noopener\">Una publicaci\u00f3n compartida por Meteo Arg y mundial (@meteoaficionados)<\/a><\/p>\n<\/div>\n<\/blockquote>\n<p><script async src=\"\/\/www.instagram.com\/embed.js\"><\/script><\/p>\n<p>El<strong> Servicio Meteorol\u00f3gico Nacional (SMN)<\/strong> hab\u00eda anunciado para este fin de semana, acorde con el comienzo del invierno astron\u00f3mico, el <strong>ingreso de una masa de aire fr\u00edo desde la Patagonia<\/strong>, provocando un <strong>gran descenso de la temperatura<\/strong> en las provincias del sur y, paulatinamente, en el centro y norte del territorio nacional.<\/p>\n<blockquote><p>\u201cEl ingreso de aire fr\u00edo comenzar\u00e1 este s\u00e1bado, es una masa de aire de origen polar que va a provocar un dr\u00e1stico descenso de las temperaturas acompa\u00f1ado por vientos fuertes y nevadas en la Patagonia, donde podr\u00edan registrarse marcas de hasta 10 grados bajo cero\u201d, indic\u00f3 la comunicadora del organismo, Cindy Fern\u00e1ndez.<\/p><\/blockquote>\n<blockquote class=\"twitter-tweet\">\n<p dir=\"ltr\" lang=\"es\">\u2744\ufe0fSierra de la Ventana, Tornquist \u2764\ufe0f<br \/>\n\u2603\ufe0f <a href=\"https:\/\/twitter.com\/TornquistMun?ref_src=twsrc%5Etfw\">@TornquistMun<\/a> <a href=\"https:\/\/t.co\/J4GJgL0ao7\">pic.twitter.com\/J4GJgL0ao7<\/a><\/p>\n<p>\u2014 Buenos Aires Turismo (@TurismoPBA) <a href=\"https:\/\/twitter.com\/TurismoPBA\/status\/1936845275743535392?ref_src=twsrc%5Etfw\">June 22, 2025<\/a><\/p><\/blockquote>\n<p><script async src=\"https:\/\/platform.twitter.com\/widgets.js\" charset=\"utf-8\"><\/script><\/p>\n<p>\u201cA medida que avance el d\u00eda domingo, el aire fr\u00edo va a llegar a la zona central del pa\u00eds, tambi\u00e9n con fuertes vientos, dejando temperaturas y sensaciones t\u00e9rmicas muy bajas en la Regi\u00f3n Pampeana\u201d, precis\u00f3 la especialista. Y a\u00f1adi\u00f3: \u201cEl lunes, debido a los fuertes vientos, el centro del pa\u00eds tendr\u00e1 ma\u00f1anas con temperaturas bajo cero y heladas, situaci\u00f3n que tambi\u00e9n va a llegar a las provincias del Norte Argentino\u201d.<\/p>\n<p>Fuente: <em>Agencia DIB<\/em><\/p>\n<blockquote class=\"wp-embedded-content\" data-secret=\"IVi7fltUp6\"><p><a href=\"https:\/\/cdnoticias.com\/index.php\/2025\/06\/23\/olavarria-sigue-bajo-alerta-por-viento\/\">Olavarr\u00eda sigue bajo alerta por viento<\/a><\/p><\/blockquote>\n<p><iframe loading=\"lazy\" class=\"wp-embedded-content\" sandbox=\"allow-scripts\" security=\"restricted\" style=\"position: absolute; visibility: hidden;\" title=\"&#8220;Olavarr\u00eda sigue bajo alerta por viento&#8221; &#8212; Central de Noticias | Olavarr\u00eda\" src=\"https:\/\/cdnoticias.com\/index.php\/2025\/06\/23\/olavarria-sigue-bajo-alerta-por-viento\/embed\/#?secret=E3TlQKJ2mV#?secret=IVi7fltUp6\" data-secret=\"IVi7fltUp6\" width=\"600\" height=\"338\" frameborder=\"0\" marginwidth=\"0\" marginheight=\"0\" scrolling=\"no\"><\/iframe><\/p>\n","protected":false},"excerpt":{"rendered":"<p>Cay\u00f3 nieve en distintos puntos de Tornquist, con algunos coletazos en otros distritos de la zona, como Saavedra.<\/p>\n","protected":false},"author":4,"featured_media":175027,"comment_status":"closed","ping_status":"closed","sticky":false,"template":"","format":"standard","meta":{"_jetpack_memberships_contains_paid_content":false,"footnotes":""},"categories":[6,1],"tags":[],"class_list":["post-175026","post","type-post","status-publish","format-standard","has-post-thumbnail","hentry","category-nacionales","category-portada"],"jetpack_featured_media_url":"https:\/\/i0.wp.com\/cdnoticias.com\/wp-content\/uploads\/2025\/06\/Nevada-Tornquist-22-de-junio-2026.jpg?fit=696%2C392&ssl=1","jetpack_sharing_enabled":true,"_links":{"self":[{"href":"https:\/\/cdnoticias.com\/index.php\/wp-json\/wp\/v2\/posts\/175026","targetHints":{"allow":["GET"]}}],"collection":[{"href":"https:\/\/cdnoticias.com\/index.php\/wp-json\/wp\/v2\/posts"}],"about":[{"href":"https:\/\/cdnoticias.com\/index.php\/wp-json\/wp\/v2\/types\/post"}],"author":[{"embeddable":true,"href":"https:\/\/cdnoticias.com\/index.php\/wp-json\/wp\/v2\/users\/4"}],"replies":[{"embeddable":true,"href":"https:\/\/cdnoticias.com\/index.php\/wp-json\/wp\/v2\/comments?post=175026"}],"version-history":[{"count":0,"href":"https:\/\/cdnoticias.com\/index.php\/wp-json\/wp\/v2\/posts\/175026\/revisions"}],"wp:featuredmedia":[{"embeddable":true,"href":"https:\/\/cdnoticias.com\/index.php\/wp-json\/wp\/v2\/media\/175027"}],"wp:attachment":[{"href":"https:\/\/cdnoticias.com\/index.php\/wp-json\/wp\/v2\/media?parent=175026"}],"wp:term":[{"taxonomy":"category","embeddable":true,"href":"https:\/\/cdnoticias.com\/index.php\/wp-json\/wp\/v2\/categories?post=175026"},{"taxonomy":"post_tag","embeddable":true,"href":"https:\/\/cdnoticias.com\/index.php\/wp-json\/wp\/v2\/tags?post=175026"}],"curies":[{"name":"wp","href":"https:\/\/api.w.org\/{rel}","templated":true}]}}