{"id":175024,"date":"2025-06-23T08:46:59","date_gmt":"2025-06-23T11:46:59","guid":{"rendered":"https:\/\/cdnoticias.com\/?p=175024"},"modified":"2025-06-23T10:19:48","modified_gmt":"2025-06-23T13:19:48","slug":"olavarria-sigue-bajo-alerta-por-viento","status":"publish","type":"post","link":"https:\/\/cdnoticias.com\/index.php\/2025\/06\/23\/olavarria-sigue-bajo-alerta-por-viento\/","title":{"rendered":"Olavarr\u00eda sigue bajo alerta por viento"},"content":{"rendered":"<p>Es de nivel amarillo y alcanza a la ma\u00f1ana y la tarde. Se prev\u00e9n vientos del sur entre 35 y 65 km\/h y r\u00e1fagas que pueden superar 80 km. El pron\u00f3stico para la semana.<!--more--><\/p>\n<hr \/>\n<p><strong>Olavarr\u00eda se mantiene bajo alerta meteorol\u00f3gico<\/strong> de nivel <strong>amarillo<\/strong> por<strong> viento<\/strong> en el marco de la ola polar que afecta a gran parte del pa\u00eds y que deja marcas t\u00e9rmicas bajas.<\/p>\n<blockquote><p>El SMN emiti\u00f3 el alerta para la ma\u00f1ana y la tarde. Se prev\u00e9n vientos del sector sur con velocidades entre 35 y 65 km\/h. Las r\u00e1fagas que pueden superar los 80 km\/h.<\/p><\/blockquote>\n<p>La franja central de la provincia de Buenos Aires est\u00e1 bajo alerta amarillo, mientras que la franja este incluyendo el conurbano y CABA est\u00e1 en alerta naranja por los vientos.<\/p>\n<p>En tanto, una franja de la costa sur y el sector oeste de la provincia est\u00e1n en alerta por temperaturas extremas.<\/p>\n<p>Ante el alerta amarillo, el SMN recomienda evitar actividades al aire libre, asegurar los elementos que puedan volarse y mantenerse informado por autoridades y organismos oficiales.<\/p>\n<h3>El fr\u00edo, el gran protagonista<\/h3>\n<blockquote><p>El inicio del invierno lleg\u00f3 con una ola polar al pa\u00eds y Olavarr\u00eda no qued\u00f3 exenta. La Estaci\u00f3n Meteorol\u00f3gica local inform\u00f3 que este lunes a las 8 la temperatura marc\u00f3 4\u00b0C aunque la sensaci\u00f3n t\u00e9rmica es de -1.1\u00b0C. La humedad es de 75% mientras que el viento del suroeste sopla a 29km\/h con r\u00e1fagas de hasta 61km\/h. El cielo est\u00e1 nublado y la visibilidad llega a 15 km.<\/p><\/blockquote>\n<p>Para toda la semana se esperan temperaturas bajas. Para este <strong>martes<\/strong> se espera una <strong>m\u00ednima de -3\u00ba y la m\u00e1xima de 12\u00ba<\/strong> con <strong>vientos del oeste<\/strong> que por la tarde y la noche se sentir\u00e1n con mayor fuerza: <strong>hasta 50 km\/h.<\/strong><\/p>\n<p>Para el <strong>mi\u00e9rcoles<\/strong> se espera una mejora: las marcas t\u00e9rmicas estar\u00e1n<strong> entre 4\u00ba y 9\u00ba<\/strong>.<\/p>\n<p>El <strong>jueves<\/strong>, las temperaturas bajar\u00e1n a <strong>entre 0\u00ba y 11\u00ba<\/strong> y nuevamente el <strong>viento del oeste<\/strong> soplar\u00e1 con fuerza, con r\u00e1fagas que llegar\u00e1n a <strong>50 km\/h.<\/strong><\/p>\n<p>Este fen\u00f3meno se mantendr\u00e1 el <strong>viernes<\/strong> cuando el fr\u00edo se sentir\u00e1 m\u00e1s, ya que <strong>la m\u00ednima prevista es de -1\u00ba y la m\u00e1xima esperada es de 11\u00ba<\/strong>.<\/p>\n","protected":false},"excerpt":{"rendered":"<p>Es de nivel amarillo y alcanza a la ma\u00f1ana y la tarde. Se prev\u00e9n vientos del sur entre 35 y<\/p>\n","protected":false},"author":4,"featured_media":129538,"comment_status":"closed","ping_status":"closed","sticky":false,"template":"","format":"standard","meta":{"_jetpack_memberships_contains_paid_content":false,"footnotes":""},"categories":[5,1],"tags":[],"class_list":["post-175024","post","type-post","status-publish","format-standard","has-post-thumbnail","hentry","category-informacion-general","category-portada"],"jetpack_featured_media_url":"https:\/\/i0.wp.com\/cdnoticias.com\/wp-content\/uploads\/2024\/11\/tormenta-lluvia-viento-00.jpg?fit=1000%2C555&ssl=1","jetpack_sharing_enabled":true,"_links":{"self":[{"href":"https:\/\/cdnoticias.com\/index.php\/wp-json\/wp\/v2\/posts\/175024","targetHints":{"allow":["GET"]}}],"collection":[{"href":"https:\/\/cdnoticias.com\/index.php\/wp-json\/wp\/v2\/posts"}],"about":[{"href":"https:\/\/cdnoticias.com\/index.php\/wp-json\/wp\/v2\/types\/post"}],"author":[{"embeddable":true,"href":"https:\/\/cdnoticias.com\/index.php\/wp-json\/wp\/v2\/users\/4"}],"replies":[{"embeddable":true,"href":"https:\/\/cdnoticias.com\/index.php\/wp-json\/wp\/v2\/comments?post=175024"}],"version-history":[{"count":0,"href":"https:\/\/cdnoticias.com\/index.php\/wp-json\/wp\/v2\/posts\/175024\/revisions"}],"wp:featuredmedia":[{"embeddable":true,"href":"https:\/\/cdnoticias.com\/index.php\/wp-json\/wp\/v2\/media\/129538"}],"wp:attachment":[{"href":"https:\/\/cdnoticias.com\/index.php\/wp-json\/wp\/v2\/media?parent=175024"}],"wp:term":[{"taxonomy":"category","embeddable":true,"href":"https:\/\/cdnoticias.com\/index.php\/wp-json\/wp\/v2\/categories?post=175024"},{"taxonomy":"post_tag","embeddable":true,"href":"https:\/\/cdnoticias.com\/index.php\/wp-json\/wp\/v2\/tags?post=175024"}],"curies":[{"name":"wp","href":"https:\/\/api.w.org\/{rel}","templated":true}]}}