{"id":175019,"date":"2025-06-23T07:59:12","date_gmt":"2025-06-23T10:59:12","guid":{"rendered":"https:\/\/cdnoticias.com\/?p=175019"},"modified":"2025-06-23T07:59:14","modified_gmt":"2025-06-23T10:59:14","slug":"norma-ester-choco-de-pezet-vivi-q-e-p-d","status":"publish","type":"post","link":"https:\/\/cdnoticias.com\/index.php\/2025\/06\/23\/norma-ester-choco-de-pezet-vivi-q-e-p-d\/","title":{"rendered":"Norma Ester Choco de Pezet \u201cVivi\u201d (Q.E.P.D.)"},"content":{"rendered":"<p>Falleci\u00f3 en Olavarr\u00eda el 23 de junio de 2025 a los 78 a\u00f1os. Su esposo Enrique Oscar Pezet. Su hija Mar\u00eda Bel\u00e9n Pezet. Su hijo pol\u00edtico Mauricio Olivera. Sus nietas M\u00eda y Ema Olivera. Sus hermanos pol\u00edticos, sobrinos y dem\u00e1s deudos participan su fallecimiento.<\/p>\n<p>Sus restos ser\u00e1n velados este lunes 23 de junio desde las 09:00 horas en la Sala de Espa\u00f1a 2942 departamento \u201cD\u201d. Responso: Capilla Ardiente. Inhumaci\u00f3n: Cementerio Loma de Paz a las 14:30 horas. Servicio adherido a Coopelectric.<\/p>\n<p>Nacida en Chillar, vecina de barrio Pueblo Nuevo, jubilada docente.<\/p>\n","protected":false},"excerpt":{"rendered":"<p>Falleci\u00f3 en Olavarr\u00eda el 23 de junio de 2025 a los 78 a\u00f1os. Su esposo Enrique Oscar Pezet. Su hija<\/p>\n","protected":false},"author":4,"featured_media":51544,"comment_status":"closed","ping_status":"closed","sticky":false,"template":"","format":"standard","meta":{"_jetpack_memberships_contains_paid_content":false,"footnotes":""},"categories":[10],"tags":[],"class_list":["post-175019","post","type-post","status-publish","format-standard","has-post-thumbnail","hentry","category-necrologicas"],"jetpack_featured_media_url":"https:\/\/i0.wp.com\/cdnoticias.com\/wp-content\/uploads\/2022\/04\/necrologicas-390-x-240.jpg?fit=390%2C240&ssl=1","jetpack_sharing_enabled":true,"_links":{"self":[{"href":"https:\/\/cdnoticias.com\/index.php\/wp-json\/wp\/v2\/posts\/175019","targetHints":{"allow":["GET"]}}],"collection":[{"href":"https:\/\/cdnoticias.com\/index.php\/wp-json\/wp\/v2\/posts"}],"about":[{"href":"https:\/\/cdnoticias.com\/index.php\/wp-json\/wp\/v2\/types\/post"}],"author":[{"embeddable":true,"href":"https:\/\/cdnoticias.com\/index.php\/wp-json\/wp\/v2\/users\/4"}],"replies":[{"embeddable":true,"href":"https:\/\/cdnoticias.com\/index.php\/wp-json\/wp\/v2\/comments?post=175019"}],"version-history":[{"count":0,"href":"https:\/\/cdnoticias.com\/index.php\/wp-json\/wp\/v2\/posts\/175019\/revisions"}],"wp:featuredmedia":[{"embeddable":true,"href":"https:\/\/cdnoticias.com\/index.php\/wp-json\/wp\/v2\/media\/51544"}],"wp:attachment":[{"href":"https:\/\/cdnoticias.com\/index.php\/wp-json\/wp\/v2\/media?parent=175019"}],"wp:term":[{"taxonomy":"category","embeddable":true,"href":"https:\/\/cdnoticias.com\/index.php\/wp-json\/wp\/v2\/categories?post=175019"},{"taxonomy":"post_tag","embeddable":true,"href":"https:\/\/cdnoticias.com\/index.php\/wp-json\/wp\/v2\/tags?post=175019"}],"curies":[{"name":"wp","href":"https:\/\/api.w.org\/{rel}","templated":true}]}}