{"id":17499,"date":"2021-03-30T11:12:00","date_gmt":"2021-03-30T14:12:00","guid":{"rendered":"http:\/\/www.centraldenoticias.com.ar\/?p=17499"},"modified":"2021-03-30T12:04:28","modified_gmt":"2021-03-30T15:04:28","slug":"politicas-de-genero-brindo-asesoramiento-a-bolivar-en-masculinidades","status":"publish","type":"post","link":"https:\/\/cdnoticias.com\/index.php\/2021\/03\/30\/politicas-de-genero-brindo-asesoramiento-a-bolivar-en-masculinidades\/","title":{"rendered":"Pol\u00edticas de G\u00e9nero brind\u00f3 asesoramiento a Bol\u00edvar en masculinidades"},"content":{"rendered":"<p>Personal de la Municipalidad de Bol\u00edvar se reuni\u00f3 con integrantes de la dependencia local. \u201cBrindamos detalles precisos para que el Municipio de Bol\u00edvar pueda construir un instrumento de gesti\u00f3n para el abordaje de varones que ejercen violencia de g\u00e9nero\u201d indic\u00f3 la directora, Florencia Ju\u00e1rez.<!--more--><\/p>\n<hr \/>\n<p><strong>D\u00edas atr\u00e1s integrantes de la Direcci\u00f3n de Pol\u00edticas de G\u00e9nero de nuestro Municipio recibieron en su sede al equipo de la Direcci\u00f3n de Derechos Humanos del Municipio de Bol\u00edvar<\/strong>, a cargo de Marianela Zanassi, para relatar su experiencia en el armado del \u00e1rea de masculinidades y asesorar a los equipos de la vecina ciudad, que tienen como objetivo replicarla en su territorio.<\/p>\n<p>&nbsp;<\/p>\n<p>\u201cEn el encuentro, los equipos t\u00e9cnicos de Pol\u00edticas de G\u00e9nero de nuestra ciudad<strong> relataron su recorrido en materia de gesti\u00f3n en el abordaje a personas que atraviesan violencias por motivos de g\u00e9nero<\/strong>. Tambi\u00e9n, con especial \u00e9nfasis, compartieron el <strong>proceso de construcci\u00f3n del \u00e1rea de masculinidades<\/strong>, a trav\u00e9s del dispositivo de atenci\u00f3n integral destinado a varones que ejercen violencia de g\u00e9nero en el \u00e1mbito de las relaciones de pareja, que vienen desarrollando desde fines de 2018\u201d se destac\u00f3 desde la Municipalidad.<\/p>\n<p>&nbsp;<\/p>\n<p>Las l\u00edneas de acci\u00f3n actuales a trav\u00e9s del soporte y acompa\u00f1amiento de sus dos coordinaciones de \u00e1rea: abordaje y masculinidades, tambi\u00e9n fueron ejes importantes de la charla. En este punto, se inform\u00f3 que el personal de la Direcci\u00f3n olavarriense \u201c<strong>asesor\u00f3 puntualmente sobre la conformaci\u00f3n de un equipo para el trabajo con masculinidades<\/strong>, tarea que encuentra al Municipio de Bol\u00edvar en plena dedicaci\u00f3n, y que estiman poder desplegarla a mediados de este a\u00f1o, con el armado de un equipo interdisciplinario propio\u201d.<\/p>\n<p><img data-recalc-dims=\"1\" loading=\"lazy\" decoding=\"async\" class=\"aligncenter wp-image-17500 size-large\" src=\"https:\/\/i0.wp.com\/cdnoticias.com\/wp-content\/uploads\/2021\/03\/DH-Politicas-Genero-Bolivar-2.jpg?resize=800%2C600&#038;ssl=1\" alt=\"\" width=\"800\" height=\"600\" srcset=\"https:\/\/i0.wp.com\/cdnoticias.com\/wp-content\/uploads\/2021\/03\/DH-Politicas-Genero-Bolivar-2.jpg?resize=1024%2C768&amp;ssl=1 1024w, https:\/\/i0.wp.com\/cdnoticias.com\/wp-content\/uploads\/2021\/03\/DH-Politicas-Genero-Bolivar-2.jpg?resize=300%2C225&amp;ssl=1 300w, https:\/\/i0.wp.com\/cdnoticias.com\/wp-content\/uploads\/2021\/03\/DH-Politicas-Genero-Bolivar-2.jpg?resize=768%2C576&amp;ssl=1 768w, https:\/\/i0.wp.com\/cdnoticias.com\/wp-content\/uploads\/2021\/03\/DH-Politicas-Genero-Bolivar-2.jpg?w=1280&amp;ssl=1 1280w\" sizes=\"auto, (max-width: 800px) 100vw, 800px\" \/><\/p>\n<p>&nbsp;<\/p>\n<p>La <strong>directora de Pol\u00edticas de G\u00e9nero Florencia Ju\u00e1rez<\/strong> manifest\u00f3 su satisfacci\u00f3n de poder colaborar en el proceso de armado de esta pol\u00edtica p\u00fablica espec\u00edfica, y brind\u00f3 detalles del encuentro: \u201casesoramos en materia de la conformaci\u00f3n del \u00e1rea de masculinidades, y <strong>brindamos detalles precisos para que el Municipio de Bol\u00edvar pueda construir un instrumento de gesti\u00f3n<\/strong> para el abordaje de varones que ejercen violencia de g\u00e9nero\u201d sostuvo.<\/p>\n<p>&nbsp;<\/p>\n<blockquote><p>\u201cFue muy gratificante poder asesorar en materia de gesti\u00f3n, y que nos tomen como referencia para diagramar una pol\u00edtica p\u00fablica nos moviliza ampliamente, porque recordamos lo que en su momento vivimos como Direcci\u00f3n y el proceso que transitamos hasta que pudimos comenzar a desarrollarlo\u201d detall\u00f3.<\/p><\/blockquote>\n<p>&nbsp;<\/p>\n<p>Tambi\u00e9n, realiz\u00f3 un balance de lo que fue<strong> gestionar en contexto de emergencia sanitaria por COVID-19<\/strong>: \u201cLa pandemia nos oblig\u00f3 a redise\u00f1ar el equipo y a repensar el abordaje espec\u00edfico del trabajo con varones. Tratamos de relatarles la experiencia completa desde fines de 2018 para que puedan apreciar el panorama, conocer nuestras trayectorias en materia de gesti\u00f3n, y que esto les facilite el armado de su propio equipo y su \u00e1rea de masculinidades en su Municipio\u201d, concluy\u00f3 la directora Florencia Ju\u00e1rez.<\/p>\n","protected":false},"excerpt":{"rendered":"<p>Personal de la Municipalidad de Bol\u00edvar se reuni\u00f3 con integrantes de la dependencia local. \u201cBrindamos detalles precisos para que el<\/p>\n","protected":false},"author":4,"featured_media":17501,"comment_status":"closed","ping_status":"closed","sticky":false,"template":"","format":"standard","meta":{"_jetpack_memberships_contains_paid_content":false,"footnotes":""},"categories":[3,1],"tags":[],"class_list":["post-17499","post","type-post","status-publish","format-standard","has-post-thumbnail","hentry","category-genero","category-portada"],"jetpack_featured_media_url":"https:\/\/i0.wp.com\/cdnoticias.com\/wp-content\/uploads\/2021\/03\/DH-Politicas-Genero-Bolivar-1.jpg?fit=1280%2C960&ssl=1","jetpack_sharing_enabled":true,"_links":{"self":[{"href":"https:\/\/cdnoticias.com\/index.php\/wp-json\/wp\/v2\/posts\/17499","targetHints":{"allow":["GET"]}}],"collection":[{"href":"https:\/\/cdnoticias.com\/index.php\/wp-json\/wp\/v2\/posts"}],"about":[{"href":"https:\/\/cdnoticias.com\/index.php\/wp-json\/wp\/v2\/types\/post"}],"author":[{"embeddable":true,"href":"https:\/\/cdnoticias.com\/index.php\/wp-json\/wp\/v2\/users\/4"}],"replies":[{"embeddable":true,"href":"https:\/\/cdnoticias.com\/index.php\/wp-json\/wp\/v2\/comments?post=17499"}],"version-history":[{"count":0,"href":"https:\/\/cdnoticias.com\/index.php\/wp-json\/wp\/v2\/posts\/17499\/revisions"}],"wp:featuredmedia":[{"embeddable":true,"href":"https:\/\/cdnoticias.com\/index.php\/wp-json\/wp\/v2\/media\/17501"}],"wp:attachment":[{"href":"https:\/\/cdnoticias.com\/index.php\/wp-json\/wp\/v2\/media?parent=17499"}],"wp:term":[{"taxonomy":"category","embeddable":true,"href":"https:\/\/cdnoticias.com\/index.php\/wp-json\/wp\/v2\/categories?post=17499"},{"taxonomy":"post_tag","embeddable":true,"href":"https:\/\/cdnoticias.com\/index.php\/wp-json\/wp\/v2\/tags?post=17499"}],"curies":[{"name":"wp","href":"https:\/\/api.w.org\/{rel}","templated":true}]}}