{"id":174921,"date":"2025-06-22T19:01:11","date_gmt":"2025-06-22T22:01:11","guid":{"rendered":"https:\/\/cdnoticias.com\/?p=174921"},"modified":"2025-06-25T18:04:26","modified_gmt":"2025-06-25T21:04:26","slug":"la-escuela-adolfo-perez-esquivel-participo-de-una-jornada-de-la-mesa-de-arbolado-urbano","status":"publish","type":"post","link":"https:\/\/cdnoticias.com\/index.php\/2025\/06\/22\/la-escuela-adolfo-perez-esquivel-participo-de-una-jornada-de-la-mesa-de-arbolado-urbano\/","title":{"rendered":"La Escuela Adolfo P\u00e9rez Esquivel particip\u00f3 de una jornada de la Mesa de Arbolado Urbano\u00a0"},"content":{"rendered":"\n<p>Participaron estudiantes de tercer y cuarto a\u00f1o, quienes estuvieron acompa\u00f1ados por docentes y referentes institucionales.<\/p>\n\n\n\n<hr class=\"wp-block-separator aligncenter has-alpha-channel-opacity\"\/>\n\n\n\n<p>Se llev\u00f3 a cabo en la sede de la <strong>Escuela Nacional Adolfo P\u00e9rez Esquivel, <\/strong>ubicada en el predio universitario local, una<strong> jornada de capacitaci\u00f3n<\/strong> que fue encabezada por referentes de la denominada <strong>Mesa de Arbolado Urbano.&nbsp;<\/strong><\/p>\n\n\n\n<p><\/p>\n\n\n\n<p>La Mesa fu<strong>e recientemente creada<\/strong> en cumplimiento de la Ordenanza Municipal 5444\/24, que tiene como<strong> objetivo la coordinaci\u00f3n y puesta en marcha de distintas acciones para un abordaje integral a la tem\u00e1tica.<\/strong><\/p>\n\n\n\n<p><\/p>\n\n\n\n<p>En ese marco, la propuesta se llev\u00f3 a cabo a partir de la articulaci\u00f3n conjunta con el establecimiento educativo y tuvo en principio una instancia de capacitaci\u00f3n pero tambi\u00e9n intercambio y debate acerca de los alcances e implementaci\u00f3n de la mencionada ordenanza.<\/p>\n\n\n\n<p><\/p>\n\n\n\n<figure class=\"wp-block-image aligncenter size-full\"><img data-recalc-dims=\"1\" loading=\"lazy\" decoding=\"async\" width=\"800\" height=\"600\" src=\"https:\/\/i0.wp.com\/cdnoticias.com\/wp-content\/uploads\/2025\/06\/enapearbolado2.jpg?resize=800%2C600&#038;ssl=1\" alt=\"\" class=\"wp-image-174925\" srcset=\"https:\/\/i0.wp.com\/cdnoticias.com\/wp-content\/uploads\/2025\/06\/enapearbolado2.jpg?w=900&amp;ssl=1 900w, https:\/\/i0.wp.com\/cdnoticias.com\/wp-content\/uploads\/2025\/06\/enapearbolado2.jpg?resize=300%2C225&amp;ssl=1 300w, https:\/\/i0.wp.com\/cdnoticias.com\/wp-content\/uploads\/2025\/06\/enapearbolado2.jpg?resize=768%2C576&amp;ssl=1 768w\" sizes=\"auto, (max-width: 800px) 100vw, 800px\" \/><\/figure>\n\n\n\n<p><\/p>\n\n\n\n<blockquote class=\"wp-block-quote is-layout-flow wp-block-quote-is-layout-flow\">\n<p>La actividad fue encabezada por el director de Parques y Paseos Jos\u00e9 Aranze, la directora de Desarrollo Agropecuario Mar\u00eda In\u00e9s Gonz\u00e1lez y la jefa de la Agencia de Extensi\u00f3n Rural del Instituto Nacional de Tecnolog\u00eda Agropecuaria (INTA) L\u00eda Ana Oyesqui. Adem\u00e1s, se cont\u00f3 tambi\u00e9n con la colaboraci\u00f3n de personal de la Secretar\u00eda de Desarrollo Econ\u00f3mico y Productivo y del Vivero Municipal.<\/p>\n<\/blockquote>\n\n\n\n<p><\/p>\n\n\n\n<p>Participaron<strong> estudiantes de tercer y cuarto a\u00f1o, quienes estuvieron acompa\u00f1ados por docentes y referentes institucionales.<\/strong> Posteriormente todo se traslad\u00f3 hacia el exterior de la escuela, al sector de estacionamiento, donde se llev\u00f3 a cabo la<strong> plantaci\u00f3n conjunta<\/strong> de 5 \u201caguaribay\u201d, \u201ccon el objetivo que sean los estudiantes quienes tambi\u00e9n luego contin\u00faen con el<strong> cuidado y control de las especies\u201d<\/strong>, expres\u00f3 el director de Parques y Paseos del Municipio.<\/p>\n\n\n\n<p><\/p>\n\n\n\n<p>En el cumplimiento de la citada ordenanza ya se han llevado a cabo <strong>distintas jornadas de estas caracter\u00edsticas<\/strong>, con el objetivo de capacitar a la comunidad acerca de las <strong>correctas pr\u00e1cticas de poda, cuidado y preservaci\u00f3n.&nbsp;<\/strong><\/p>\n\n\n\n<p><\/p>\n\n\n\n<p>Se recuerda, por \u00faltimo, que Mesa de Arbolado Urbano de Olavarr\u00eda tambi\u00e9n se encuentra integrada por el CIAFBA (Colegio de Ingenieros Agr\u00f3nomos y Forestales de la Provincia de Buenos Aires), adem\u00e1s de la Facultad de Agronom\u00eda y los colegios de Arquitectura e Ingenier\u00eda de Olavarr\u00eda.<\/p>\n\n\n\n<p><\/p>\n\n\n\n<figure class=\"wp-block-image aligncenter size-full\"><img data-recalc-dims=\"1\" loading=\"lazy\" decoding=\"async\" width=\"800\" height=\"600\" src=\"https:\/\/i0.wp.com\/cdnoticias.com\/wp-content\/uploads\/2025\/06\/enapearbolado1.jpg?resize=800%2C600&#038;ssl=1\" alt=\"\" class=\"wp-image-174926\" srcset=\"https:\/\/i0.wp.com\/cdnoticias.com\/wp-content\/uploads\/2025\/06\/enapearbolado1.jpg?w=900&amp;ssl=1 900w, https:\/\/i0.wp.com\/cdnoticias.com\/wp-content\/uploads\/2025\/06\/enapearbolado1.jpg?resize=300%2C225&amp;ssl=1 300w, https:\/\/i0.wp.com\/cdnoticias.com\/wp-content\/uploads\/2025\/06\/enapearbolado1.jpg?resize=768%2C576&amp;ssl=1 768w\" sizes=\"auto, (max-width: 800px) 100vw, 800px\" \/><\/figure>\n","protected":false},"excerpt":{"rendered":"<p>Participaron estudiantes de tercer y cuarto a\u00f1o, quienes estuvieron acompa\u00f1ados por docentes y referentes institucionales. Se llev\u00f3 a cabo en<\/p>\n","protected":false},"author":6,"featured_media":174924,"comment_status":"closed","ping_status":"closed","sticky":false,"template":"","format":"standard","meta":{"_jetpack_memberships_contains_paid_content":false,"footnotes":""},"categories":[5,1],"tags":[],"class_list":["post-174921","post","type-post","status-publish","format-standard","has-post-thumbnail","hentry","category-informacion-general","category-portada"],"jetpack_featured_media_url":"https:\/\/i0.wp.com\/cdnoticias.com\/wp-content\/uploads\/2025\/06\/enapearbolado3.jpg?fit=900%2C675&ssl=1","jetpack_sharing_enabled":true,"_links":{"self":[{"href":"https:\/\/cdnoticias.com\/index.php\/wp-json\/wp\/v2\/posts\/174921","targetHints":{"allow":["GET"]}}],"collection":[{"href":"https:\/\/cdnoticias.com\/index.php\/wp-json\/wp\/v2\/posts"}],"about":[{"href":"https:\/\/cdnoticias.com\/index.php\/wp-json\/wp\/v2\/types\/post"}],"author":[{"embeddable":true,"href":"https:\/\/cdnoticias.com\/index.php\/wp-json\/wp\/v2\/users\/6"}],"replies":[{"embeddable":true,"href":"https:\/\/cdnoticias.com\/index.php\/wp-json\/wp\/v2\/comments?post=174921"}],"version-history":[{"count":0,"href":"https:\/\/cdnoticias.com\/index.php\/wp-json\/wp\/v2\/posts\/174921\/revisions"}],"wp:featuredmedia":[{"embeddable":true,"href":"https:\/\/cdnoticias.com\/index.php\/wp-json\/wp\/v2\/media\/174924"}],"wp:attachment":[{"href":"https:\/\/cdnoticias.com\/index.php\/wp-json\/wp\/v2\/media?parent=174921"}],"wp:term":[{"taxonomy":"category","embeddable":true,"href":"https:\/\/cdnoticias.com\/index.php\/wp-json\/wp\/v2\/categories?post=174921"},{"taxonomy":"post_tag","embeddable":true,"href":"https:\/\/cdnoticias.com\/index.php\/wp-json\/wp\/v2\/tags?post=174921"}],"curies":[{"name":"wp","href":"https:\/\/api.w.org\/{rel}","templated":true}]}}