{"id":174897,"date":"2025-06-22T12:10:29","date_gmt":"2025-06-22T15:10:29","guid":{"rendered":"https:\/\/cdnoticias.com\/?p=174897"},"modified":"2025-06-22T12:10:31","modified_gmt":"2025-06-22T15:10:31","slug":"ruben-pedro-mastronardo-q-e-p-d","status":"publish","type":"post","link":"https:\/\/cdnoticias.com\/index.php\/2025\/06\/22\/ruben-pedro-mastronardo-q-e-p-d\/","title":{"rendered":"Rub\u00e9n Pedro Mastronardo (Q.E.P.D.)"},"content":{"rendered":"\n<p>Falleci\u00f3 en Olavarr\u00eda el d\u00eda 22 de junio de 2025 a los 75 a\u00f1os de edad. Su hermana. Sus sobrinos. Sus sobrinos pol\u00edticos. Sus sobrinos nietos. Sus amigos. Sus compa\u00f1eros del SPB y dem\u00e1s deudos participan su fallecimiento.<\/p>\n\n\n\n<p>Sus restos no ser\u00e1n velados y ser\u00e1n inhumados en el cementerio Loma de Paz el lunes a las 11:30. La sala se habilita 10.30 para el responso en la capilla ardiente. Vecino de Sierra Chica. Nacido en Azul. Jubilado del Servicio Penitenciario.&nbsp;<\/p>\n","protected":false},"excerpt":{"rendered":"<p>Falleci\u00f3 en Olavarr\u00eda el d\u00eda 22 de junio de 2025 a los 75 a\u00f1os de edad. Su hermana. Sus sobrinos.<\/p>\n","protected":false},"author":5,"featured_media":100390,"comment_status":"closed","ping_status":"closed","sticky":false,"template":"","format":"standard","meta":{"_jetpack_memberships_contains_paid_content":false,"footnotes":""},"categories":[10],"tags":[],"class_list":["post-174897","post","type-post","status-publish","format-standard","has-post-thumbnail","hentry","category-necrologicas"],"jetpack_featured_media_url":"https:\/\/i0.wp.com\/cdnoticias.com\/wp-content\/uploads\/2023\/10\/necrologicas-390-x-240.jpg?fit=390%2C240&ssl=1","jetpack_sharing_enabled":true,"_links":{"self":[{"href":"https:\/\/cdnoticias.com\/index.php\/wp-json\/wp\/v2\/posts\/174897","targetHints":{"allow":["GET"]}}],"collection":[{"href":"https:\/\/cdnoticias.com\/index.php\/wp-json\/wp\/v2\/posts"}],"about":[{"href":"https:\/\/cdnoticias.com\/index.php\/wp-json\/wp\/v2\/types\/post"}],"author":[{"embeddable":true,"href":"https:\/\/cdnoticias.com\/index.php\/wp-json\/wp\/v2\/users\/5"}],"replies":[{"embeddable":true,"href":"https:\/\/cdnoticias.com\/index.php\/wp-json\/wp\/v2\/comments?post=174897"}],"version-history":[{"count":0,"href":"https:\/\/cdnoticias.com\/index.php\/wp-json\/wp\/v2\/posts\/174897\/revisions"}],"wp:featuredmedia":[{"embeddable":true,"href":"https:\/\/cdnoticias.com\/index.php\/wp-json\/wp\/v2\/media\/100390"}],"wp:attachment":[{"href":"https:\/\/cdnoticias.com\/index.php\/wp-json\/wp\/v2\/media?parent=174897"}],"wp:term":[{"taxonomy":"category","embeddable":true,"href":"https:\/\/cdnoticias.com\/index.php\/wp-json\/wp\/v2\/categories?post=174897"},{"taxonomy":"post_tag","embeddable":true,"href":"https:\/\/cdnoticias.com\/index.php\/wp-json\/wp\/v2\/tags?post=174897"}],"curies":[{"name":"wp","href":"https:\/\/api.w.org\/{rel}","templated":true}]}}