{"id":174881,"date":"2025-06-22T08:49:47","date_gmt":"2025-06-22T11:49:47","guid":{"rendered":"https:\/\/cdnoticias.com\/?p=174881"},"modified":"2025-06-22T13:51:49","modified_gmt":"2025-06-22T16:51:49","slug":"olavarria-se-encuentra-bajo-un-alerta-por-vientos-intensos","status":"publish","type":"post","link":"https:\/\/cdnoticias.com\/index.php\/2025\/06\/22\/olavarria-se-encuentra-bajo-un-alerta-por-vientos-intensos\/","title":{"rendered":"Olavarr\u00eda se encuentra bajo un alerta por vientos intensos"},"content":{"rendered":"\n<p>El Servicio Meteorol\u00f3gico Nacional lanz\u00f3 la advertencia desde la tarde de este domingo hasta la ma\u00f1ana del lunes.<\/p>\n\n\n\n<hr class=\"wp-block-separator has-alpha-channel-opacity\"\/>\n\n\n\n<p>Este domingo, las bajas temperaturas ubicaron a <strong>Olavarr\u00eda entre las ciudades m\u00e1s fr\u00eda de la provincia de Buenos Aires<\/strong>, seg\u00fan el ranking de temperaturas del Servicio Meteorol\u00f3gico Nacional.<\/p>\n\n\n\n<p><\/p>\n\n\n\n<p>El registro de las <strong>8 de la ma\u00f1ana,<\/strong> arroj\u00f3 una <strong>temperatura de 8.1\u00b0C y una Sensaci\u00f3n T\u00e9rmica de 5.3\u00b0C. <\/strong>La m\u00e1xima prevista para la jornada no superar\u00e1 los 10\u00b0C.<\/p>\n\n\n\n<p><\/p>\n\n\n\n<p>En tanto, <strong>contin\u00faa vigente una alerta por vientos intensos <\/strong>para gran parte de la provincia. En Olavarr\u00eda, y seg\u00fan la actualizaci\u00f3n durante las primeras horas de la ma\u00f1ana de este domingo, la advertencia es <strong>nivel amarillo.<\/strong><\/p>\n\n\n\n<p><\/p>\n\n\n\n<p>Seg\u00fan el organismo se extender\u00e1<strong> desde la tarde de este domingo hasta la ma\u00f1ana del lunes. <\/strong>De esta forma, el \u00e1rea podr\u00e1 ser afectada \u201cpor vientos del sector sur con <strong>velocidades entre 35 y 65 km\/h, y r\u00e1fagas que pueden superar los 80 km\/h<\/strong>\u201d.<\/p>\n","protected":false},"excerpt":{"rendered":"<p>El Servicio Meteorol\u00f3gico Nacional lanz\u00f3 la advertencia desde la tarde de este domingo hasta la ma\u00f1ana del lunes. Este domingo,<\/p>\n","protected":false},"author":5,"featured_media":120127,"comment_status":"closed","ping_status":"closed","sticky":false,"template":"","format":"standard","meta":{"_jetpack_memberships_contains_paid_content":false,"footnotes":""},"categories":[5,1],"tags":[],"class_list":["post-174881","post","type-post","status-publish","format-standard","has-post-thumbnail","hentry","category-informacion-general","category-portada"],"jetpack_featured_media_url":"https:\/\/i0.wp.com\/cdnoticias.com\/wp-content\/uploads\/2024\/07\/clima-frio-invierno-scaled.jpg?fit=2560%2C1424&ssl=1","jetpack_sharing_enabled":true,"_links":{"self":[{"href":"https:\/\/cdnoticias.com\/index.php\/wp-json\/wp\/v2\/posts\/174881","targetHints":{"allow":["GET"]}}],"collection":[{"href":"https:\/\/cdnoticias.com\/index.php\/wp-json\/wp\/v2\/posts"}],"about":[{"href":"https:\/\/cdnoticias.com\/index.php\/wp-json\/wp\/v2\/types\/post"}],"author":[{"embeddable":true,"href":"https:\/\/cdnoticias.com\/index.php\/wp-json\/wp\/v2\/users\/5"}],"replies":[{"embeddable":true,"href":"https:\/\/cdnoticias.com\/index.php\/wp-json\/wp\/v2\/comments?post=174881"}],"version-history":[{"count":0,"href":"https:\/\/cdnoticias.com\/index.php\/wp-json\/wp\/v2\/posts\/174881\/revisions"}],"wp:featuredmedia":[{"embeddable":true,"href":"https:\/\/cdnoticias.com\/index.php\/wp-json\/wp\/v2\/media\/120127"}],"wp:attachment":[{"href":"https:\/\/cdnoticias.com\/index.php\/wp-json\/wp\/v2\/media?parent=174881"}],"wp:term":[{"taxonomy":"category","embeddable":true,"href":"https:\/\/cdnoticias.com\/index.php\/wp-json\/wp\/v2\/categories?post=174881"},{"taxonomy":"post_tag","embeddable":true,"href":"https:\/\/cdnoticias.com\/index.php\/wp-json\/wp\/v2\/tags?post=174881"}],"curies":[{"name":"wp","href":"https:\/\/api.w.org\/{rel}","templated":true}]}}