{"id":174874,"date":"2025-06-21T19:39:06","date_gmt":"2025-06-21T22:39:06","guid":{"rendered":"https:\/\/cdnoticias.com\/?p=174874"},"modified":"2025-06-21T19:39:08","modified_gmt":"2025-06-21T22:39:08","slug":"una-senadora-de-la-septima-conjueza-del-jury-contra-julieta-makintach","status":"publish","type":"post","link":"https:\/\/cdnoticias.com\/index.php\/2025\/06\/21\/una-senadora-de-la-septima-conjueza-del-jury-contra-julieta-makintach\/","title":{"rendered":"Una senadora de la S\u00e9ptima, conjueza del jury contra Julieta Makintach"},"content":{"rendered":"\n<p>Es la jueza del esc\u00e1ndalo en el juicio por la muerte de Diego Maradona. Lorena Mandagar\u00e1n, de Azul, formar\u00e1 parte de la n\u00f3mina de senadores conjueces.<\/p>\n\n\n\n<hr class=\"wp-block-separator aligncenter has-alpha-channel-opacity\"\/>\n\n\n\n<p>El martes en el Senado bonaerense tendr\u00e1 un condimento extra al extenso listado de proyectos que se debatir\u00e1n en el recinto, ya que<strong> se confirm\u00f3 el inicio del el Jury a la jueza Julieta Makintach. Es se\u00f1alada como responsable de las irregularidades en el juicio por la muerte de Diego Maradona que hicieron caer la causa y que el juicio vuelva a foja cero.<\/strong><\/p>\n\n\n\n<p>Tras conocerse que<strong> Makintach protagonizaba un documental llamado \u201cJusticia Divina\u201d, con toma de im\u00e1genes de las audiencias sin consentimiento de las partes<\/strong>, la magistrada del Tribunal Oral N\u00b0 2 fue apartada del caso y gener\u00f3 una gran cantidad de denuncias en su contra para apartarla del caso y suspenderla como jueza.<\/p>\n\n\n\n<p><strong>Julieta Makintach, present\u00f3 su renuncia luego de los diferentes pedidos de juicio pol\u00edtico presentados por los diputados de La Libertad Avanza Agust\u00edn Romo, Florencia Retamozo y Fernando Compagnoni; por el titular de la ONG Fundaci\u00f3n por la Paz y el Cambio Clim\u00e1tico, Fernando M\u00edguez; por Fernando Burlando, abogado que representa a las hijas del 10 Dalma y Gianina Maradona, por el Colegio de Abogados de San Isidro, y el pedido presentado por el Procurador General de la provincia de Buenos Aires, Julio Conte Grand.<\/strong><\/p>\n\n\n\n<p>Del Jury a la jueza Julieta Makintach participar\u00e1n como conjueces los senadores bonaerenses Ariel Bordaisco y <strong>Lorena Mandagar\u00e1n (bloque UCR Cambio Federal)<\/strong> y Sergio Vargas (Uni\u00f3n, Renovaci\u00f3n y Fe) y las diputadas Abigail G\u00f3mez (La Libertad Avanza) y Maite Alvado, de Uni\u00f3n por la Patria.<\/p>\n\n\n\n<p>En tanto los suplentes designados ser\u00e1n los diputados Diego Garciarena (UCR Cambio Federal) y Guillermo Castello (La Libertad Avanza), adem\u00e1s de la senadora peronista Gabriela de Mar\u00eda (Uni\u00f3n por la Patria).<\/p>\n\n\n\n<p>Los conjueces seleccionados para llevar adelante el Jury de enjuiciamiento a la jueza Makintach son: Fabian Ram\u00f3n Gonz\u00e1lez, del Departamento Judicial Mor\u00f3n; Mirta Daniela Greco, del Departamento Judicial Lomas de Zamora; Pablo Agust\u00edn Grillo Cicchini del Departamento Judicial La Plata; Mar\u00eda Victoria Lorences, del Departamento Judicial Lomas de Zamora y \u00c1lvaro Garc\u00eda Orsi, del Departamento Judicial La Plata. Los conjueces suplentes ser\u00e1n Guillermo Andr\u00e9s Marcos del Departamento Judicial Bah\u00eda Blanca; Alberto Biglieri, del Departamento Judicial Lonas de Zamora y Lisandro Benito, del Departamento Judicial La Plata.<\/p>\n","protected":false},"excerpt":{"rendered":"<p>Es la jueza del esc\u00e1ndalo en el juicio por la muerte de Diego Maradona. Lorena Mandagar\u00e1n, de Azul, formar\u00e1 parte<\/p>\n","protected":false},"author":2,"featured_media":174875,"comment_status":"closed","ping_status":"closed","sticky":false,"template":"","format":"standard","meta":{"_jetpack_memberships_contains_paid_content":false,"footnotes":""},"categories":[4,1],"tags":[],"class_list":["post-174874","post","type-post","status-publish","format-standard","has-post-thumbnail","hentry","category-politica","category-portada"],"jetpack_featured_media_url":"https:\/\/i0.wp.com\/cdnoticias.com\/wp-content\/uploads\/2025\/06\/SENADO.jpg?fit=1500%2C1000&ssl=1","jetpack_sharing_enabled":true,"_links":{"self":[{"href":"https:\/\/cdnoticias.com\/index.php\/wp-json\/wp\/v2\/posts\/174874","targetHints":{"allow":["GET"]}}],"collection":[{"href":"https:\/\/cdnoticias.com\/index.php\/wp-json\/wp\/v2\/posts"}],"about":[{"href":"https:\/\/cdnoticias.com\/index.php\/wp-json\/wp\/v2\/types\/post"}],"author":[{"embeddable":true,"href":"https:\/\/cdnoticias.com\/index.php\/wp-json\/wp\/v2\/users\/2"}],"replies":[{"embeddable":true,"href":"https:\/\/cdnoticias.com\/index.php\/wp-json\/wp\/v2\/comments?post=174874"}],"version-history":[{"count":0,"href":"https:\/\/cdnoticias.com\/index.php\/wp-json\/wp\/v2\/posts\/174874\/revisions"}],"wp:featuredmedia":[{"embeddable":true,"href":"https:\/\/cdnoticias.com\/index.php\/wp-json\/wp\/v2\/media\/174875"}],"wp:attachment":[{"href":"https:\/\/cdnoticias.com\/index.php\/wp-json\/wp\/v2\/media?parent=174874"}],"wp:term":[{"taxonomy":"category","embeddable":true,"href":"https:\/\/cdnoticias.com\/index.php\/wp-json\/wp\/v2\/categories?post=174874"},{"taxonomy":"post_tag","embeddable":true,"href":"https:\/\/cdnoticias.com\/index.php\/wp-json\/wp\/v2\/tags?post=174874"}],"curies":[{"name":"wp","href":"https:\/\/api.w.org\/{rel}","templated":true}]}}