{"id":174856,"date":"2025-06-21T12:44:20","date_gmt":"2025-06-21T15:44:20","guid":{"rendered":"https:\/\/cdnoticias.com\/?p=174856"},"modified":"2025-06-21T19:13:44","modified_gmt":"2025-06-21T22:13:44","slug":"un-joven-fue-aprehendido-por-arrojar-piedras-a-patrulleros","status":"publish","type":"post","link":"https:\/\/cdnoticias.com\/index.php\/2025\/06\/21\/un-joven-fue-aprehendido-por-arrojar-piedras-a-patrulleros\/","title":{"rendered":"Un joven fue aprehendido por arrojar piedras a patrulleros"},"content":{"rendered":"\n<p>La polic\u00eda se hizo presente en un domicilio alertados por una confrontaci\u00f3n familiar. El aprehendido de 24 a\u00f1os, provoc\u00f3 da\u00f1os en un m\u00f3vil.<\/p>\n\n\n\n<hr class=\"wp-block-separator has-alpha-channel-opacity\"\/>\n\n\n\n<p>Un joven de 24 a\u00f1os fue aprehendido luego de<strong> producir da\u00f1os a un veh\u00edculo policial.<\/strong><\/p>\n\n\n\n<p><\/p>\n\n\n\n<p>Seg\u00fan se inform\u00f3 oficialmente, personal del Comando de Patrullas se dirigi\u00f3 a avenida Sarmiento al 4200 alertados por una confrontaci\u00f3n familiar.<\/p>\n\n\n\n<p><\/p>\n\n\n\n<blockquote class=\"wp-block-quote is-layout-flow wp-block-quote-is-layout-flow\">\n<p>Al llegar al lugar, el joven comenz\u00f3 a arrojar piedras hacia los patrulleros caus\u00e1ndole da\u00f1os en el techo a uno de ellos.<\/p>\n<\/blockquote>\n\n\n\n<p><\/p>\n\n\n\n<p>Fue aprehendido y trasladado a la comisar\u00eda Segunda. La causa fue caratulada como<strong> \u201cda\u00f1o infraganti agravado\u201d<\/strong> a cargo de la UFI N\u00b0 10.<\/p>\n","protected":false},"excerpt":{"rendered":"<p>La polic\u00eda se hizo presente en un domicilio alertados por una confrontaci\u00f3n familiar. El aprehendido de 24 a\u00f1os, provoc\u00f3 da\u00f1os<\/p>\n","protected":false},"author":5,"featured_media":174857,"comment_status":"closed","ping_status":"closed","sticky":false,"template":"","format":"standard","meta":{"_jetpack_memberships_contains_paid_content":false,"footnotes":""},"categories":[14,1],"tags":[],"class_list":["post-174856","post","type-post","status-publish","format-standard","has-post-thumbnail","hentry","category-policiales","category-portada"],"jetpack_featured_media_url":"https:\/\/i0.wp.com\/cdnoticias.com\/wp-content\/uploads\/2025\/06\/aprehendido-piedras-patrullero.png?fit=800%2C445&ssl=1","jetpack_sharing_enabled":true,"_links":{"self":[{"href":"https:\/\/cdnoticias.com\/index.php\/wp-json\/wp\/v2\/posts\/174856","targetHints":{"allow":["GET"]}}],"collection":[{"href":"https:\/\/cdnoticias.com\/index.php\/wp-json\/wp\/v2\/posts"}],"about":[{"href":"https:\/\/cdnoticias.com\/index.php\/wp-json\/wp\/v2\/types\/post"}],"author":[{"embeddable":true,"href":"https:\/\/cdnoticias.com\/index.php\/wp-json\/wp\/v2\/users\/5"}],"replies":[{"embeddable":true,"href":"https:\/\/cdnoticias.com\/index.php\/wp-json\/wp\/v2\/comments?post=174856"}],"version-history":[{"count":0,"href":"https:\/\/cdnoticias.com\/index.php\/wp-json\/wp\/v2\/posts\/174856\/revisions"}],"wp:featuredmedia":[{"embeddable":true,"href":"https:\/\/cdnoticias.com\/index.php\/wp-json\/wp\/v2\/media\/174857"}],"wp:attachment":[{"href":"https:\/\/cdnoticias.com\/index.php\/wp-json\/wp\/v2\/media?parent=174856"}],"wp:term":[{"taxonomy":"category","embeddable":true,"href":"https:\/\/cdnoticias.com\/index.php\/wp-json\/wp\/v2\/categories?post=174856"},{"taxonomy":"post_tag","embeddable":true,"href":"https:\/\/cdnoticias.com\/index.php\/wp-json\/wp\/v2\/tags?post=174856"}],"curies":[{"name":"wp","href":"https:\/\/api.w.org\/{rel}","templated":true}]}}