{"id":174852,"date":"2025-06-21T11:32:28","date_gmt":"2025-06-21T14:32:28","guid":{"rendered":"https:\/\/cdnoticias.com\/?p=174852"},"modified":"2025-06-21T12:44:46","modified_gmt":"2025-06-21T15:44:46","slug":"una-moto-choco-contra-un-arbol-una-mujer-resulto-herida","status":"publish","type":"post","link":"https:\/\/cdnoticias.com\/index.php\/2025\/06\/21\/una-moto-choco-contra-un-arbol-una-mujer-resulto-herida\/","title":{"rendered":"Una moto choc\u00f3 contra un \u00e1rbol: una mujer result\u00f3 herida"},"content":{"rendered":"\n<p>Iba a bordo del veh\u00edculo como acompa\u00f1ante. Fue trasladada al Hospital Municipal con lesiones en un pie. <\/p>\n\n\n\n<hr class=\"wp-block-separator has-alpha-channel-opacity\"\/>\n\n\n\n<p>Durante la madrugada de este s\u00e1bado se produjo un siniestro vial en <strong>avenida Trabajadores al 2500.<\/strong><\/p>\n\n\n\n<p><\/p>\n\n\n\n<p>Seg\u00fan indicaron fuentes oficiales, por razones que se tratan de establecer<strong>, el conductor de una motocicleta Kawasaki 640cc, un hombre de 36 a\u00f1os, perdi\u00f3 el control e impact\u00f3 contra un \u00e1rbol.<\/strong><\/p>\n\n\n\n<p><\/p>\n\n\n\n<p>Como resultado del accidente,<strong> una mujer que iba a bordo del veh\u00edculo como acompa\u00f1ante, sufri\u00f3 una fractura expuesta en el pie derecho.<\/strong><\/p>\n\n\n\n<p><\/p>\n\n\n\n<p>La v\u00edctima de 36 a\u00f1os fue <strong>trasladada al Hospital Municipal<\/strong> para ser atendida a ra\u00edz de las heridas recibidas.<\/p>\n\n\n\n<p><\/p>\n\n\n\n<p>Personal de Polic\u00eda Cient\u00edfica se hizo presente en el lugar y la moto fue trasladada a la dependencia policial.<\/p>\n\n\n\n<p><\/p>\n\n\n\n<p>El hecho fue caratulado como <strong>\u201clesiones culposas\u201d<\/strong> a cargo de la UFI N\u00b0 10.<\/p>\n","protected":false},"excerpt":{"rendered":"<p>Iba a bordo del veh\u00edculo como acompa\u00f1ante. Fue trasladada al Hospital Municipal con lesiones en un pie. Durante la madrugada<\/p>\n","protected":false},"author":5,"featured_media":174853,"comment_status":"closed","ping_status":"closed","sticky":false,"template":"","format":"standard","meta":{"_jetpack_memberships_contains_paid_content":false,"footnotes":""},"categories":[14,1],"tags":[],"class_list":["post-174852","post","type-post","status-publish","format-standard","has-post-thumbnail","hentry","category-policiales","category-portada"],"jetpack_featured_media_url":"https:\/\/i0.wp.com\/cdnoticias.com\/wp-content\/uploads\/2025\/06\/accidente-trabajadores.png?fit=800%2C445&ssl=1","jetpack_sharing_enabled":true,"_links":{"self":[{"href":"https:\/\/cdnoticias.com\/index.php\/wp-json\/wp\/v2\/posts\/174852","targetHints":{"allow":["GET"]}}],"collection":[{"href":"https:\/\/cdnoticias.com\/index.php\/wp-json\/wp\/v2\/posts"}],"about":[{"href":"https:\/\/cdnoticias.com\/index.php\/wp-json\/wp\/v2\/types\/post"}],"author":[{"embeddable":true,"href":"https:\/\/cdnoticias.com\/index.php\/wp-json\/wp\/v2\/users\/5"}],"replies":[{"embeddable":true,"href":"https:\/\/cdnoticias.com\/index.php\/wp-json\/wp\/v2\/comments?post=174852"}],"version-history":[{"count":0,"href":"https:\/\/cdnoticias.com\/index.php\/wp-json\/wp\/v2\/posts\/174852\/revisions"}],"wp:featuredmedia":[{"embeddable":true,"href":"https:\/\/cdnoticias.com\/index.php\/wp-json\/wp\/v2\/media\/174853"}],"wp:attachment":[{"href":"https:\/\/cdnoticias.com\/index.php\/wp-json\/wp\/v2\/media?parent=174852"}],"wp:term":[{"taxonomy":"category","embeddable":true,"href":"https:\/\/cdnoticias.com\/index.php\/wp-json\/wp\/v2\/categories?post=174852"},{"taxonomy":"post_tag","embeddable":true,"href":"https:\/\/cdnoticias.com\/index.php\/wp-json\/wp\/v2\/tags?post=174852"}],"curies":[{"name":"wp","href":"https:\/\/api.w.org\/{rel}","templated":true}]}}