{"id":174846,"date":"2025-06-21T10:19:07","date_gmt":"2025-06-21T13:19:07","guid":{"rendered":"https:\/\/cdnoticias.com\/?p=174846"},"modified":"2025-06-21T11:32:47","modified_gmt":"2025-06-21T14:32:47","slug":"a-preparar-los-abrigos-alerta-por-viento-y-bajas-temperaturas-en-olavarria","status":"publish","type":"post","link":"https:\/\/cdnoticias.com\/index.php\/2025\/06\/21\/a-preparar-los-abrigos-alerta-por-viento-y-bajas-temperaturas-en-olavarria\/","title":{"rendered":"A preparar los abrigos: alerta por viento y bajas temperaturas en Olavarr\u00eda"},"content":{"rendered":"\n<p>Nuestra ciudad no escapa a las advertencias lanzadas por el Servicio Meteorol\u00f3gico Nacional para gran parte del pa\u00eds. Viento el domingo y m\u00e1ximas que no superar\u00e1n los 9\u00b0C.<\/p>\n\n\n\n<hr class=\"wp-block-separator has-alpha-channel-opacity\"\/>\n\n\n\n<p>El <strong>Servicio Meteorol\u00f3gico Nacional (SMN)<\/strong> emiti\u00f3 distintas alertas meteorol\u00f3gicas para distintas provincias durante el fin de semana. Seg\u00fan el sector del pa\u00eds, las advertencias incluyen nivel amarillo y naranja por nevadas y vientos intensos.<\/p>\n\n\n\n<p><\/p>\n\n\n\n<p>En el caso de la <strong>provincia de Buenos Aires<\/strong>, el aire fr\u00edo avanzar\u00e1 a partir del domingo con<strong> temperaturas m\u00e1ximas que oscilar\u00e1n entre los 8\u00b0C a 10\u00b0C.<\/strong><\/p>\n\n\n\n<p><\/p>\n\n\n\n<p>Olavarr\u00eda, se encuentra alcanzada por una <strong>alerta amarilla por vientos para la tarde del domingo.<\/strong> Seg\u00fan indica el SMN, el \u00e1rea \u201cser\u00e1 afectada por vientos del sector sur con velocidades entre 35 y 55 km\/h, y r\u00e1fagas que pueden superar los 65 km\/h\u201d.<\/p>\n\n\n\n<p><\/p>\n\n\n\n<figure class=\"wp-block-image size-full\"><img data-recalc-dims=\"1\" loading=\"lazy\" decoding=\"async\" width=\"418\" height=\"443\" src=\"https:\/\/i0.wp.com\/cdnoticias.com\/wp-content\/uploads\/2025\/06\/image-1.png?resize=418%2C443&#038;ssl=1\" alt=\"\" class=\"wp-image-174848\" srcset=\"https:\/\/i0.wp.com\/cdnoticias.com\/wp-content\/uploads\/2025\/06\/image-1.png?w=418&amp;ssl=1 418w, https:\/\/i0.wp.com\/cdnoticias.com\/wp-content\/uploads\/2025\/06\/image-1.png?resize=283%2C300&amp;ssl=1 283w\" sizes=\"auto, (max-width: 418px) 100vw, 418px\" \/><\/figure>\n\n\n\n<p><\/p>\n\n\n\n<blockquote class=\"wp-block-quote is-layout-flow wp-block-quote-is-layout-flow\">\n<p>La temperatura m\u00ednima prevista para el domingo 22 de junio ser\u00e1 de 3\u00b0C y la m\u00e1xima de 9\u00b0C. Durante la tarde se esperan chaparrones y por la noche, anticipan probabilidad de lluvias y nevadas.<\/p>\n<\/blockquote>\n\n\n\n<p><\/p>\n\n\n\n<p>En tanto, el inicio de la semana se dar\u00e1 con caracter\u00edsticas similares. El<strong> lunes,<\/strong> la m\u00ednima ser\u00e1 de<strong> -1\u00b0C y la m\u00e1xima de 9\u00b0C, <\/strong>con cielo parcialmente nublado.<\/p>\n","protected":false},"excerpt":{"rendered":"<p>Nuestra ciudad no escapa a las advertencias lanzadas por el Servicio Meteorol\u00f3gico Nacional para gran parte del pa\u00eds. Viento el<\/p>\n","protected":false},"author":5,"featured_media":174847,"comment_status":"closed","ping_status":"closed","sticky":false,"template":"","format":"standard","meta":{"_jetpack_memberships_contains_paid_content":false,"footnotes":""},"categories":[5,1],"tags":[],"class_list":["post-174846","post","type-post","status-publish","format-standard","has-post-thumbnail","hentry","category-informacion-general","category-portada"],"jetpack_featured_media_url":"https:\/\/i0.wp.com\/cdnoticias.com\/wp-content\/uploads\/2025\/06\/frio-helada.png?fit=800%2C445&ssl=1","jetpack_sharing_enabled":true,"_links":{"self":[{"href":"https:\/\/cdnoticias.com\/index.php\/wp-json\/wp\/v2\/posts\/174846","targetHints":{"allow":["GET"]}}],"collection":[{"href":"https:\/\/cdnoticias.com\/index.php\/wp-json\/wp\/v2\/posts"}],"about":[{"href":"https:\/\/cdnoticias.com\/index.php\/wp-json\/wp\/v2\/types\/post"}],"author":[{"embeddable":true,"href":"https:\/\/cdnoticias.com\/index.php\/wp-json\/wp\/v2\/users\/5"}],"replies":[{"embeddable":true,"href":"https:\/\/cdnoticias.com\/index.php\/wp-json\/wp\/v2\/comments?post=174846"}],"version-history":[{"count":0,"href":"https:\/\/cdnoticias.com\/index.php\/wp-json\/wp\/v2\/posts\/174846\/revisions"}],"wp:featuredmedia":[{"embeddable":true,"href":"https:\/\/cdnoticias.com\/index.php\/wp-json\/wp\/v2\/media\/174847"}],"wp:attachment":[{"href":"https:\/\/cdnoticias.com\/index.php\/wp-json\/wp\/v2\/media?parent=174846"}],"wp:term":[{"taxonomy":"category","embeddable":true,"href":"https:\/\/cdnoticias.com\/index.php\/wp-json\/wp\/v2\/categories?post=174846"},{"taxonomy":"post_tag","embeddable":true,"href":"https:\/\/cdnoticias.com\/index.php\/wp-json\/wp\/v2\/tags?post=174846"}],"curies":[{"name":"wp","href":"https:\/\/api.w.org\/{rel}","templated":true}]}}