{"id":174816,"date":"2025-06-20T19:30:42","date_gmt":"2025-06-20T22:30:42","guid":{"rendered":"https:\/\/cdnoticias.com\/?p=174816"},"modified":"2025-06-20T19:30:44","modified_gmt":"2025-06-20T22:30:44","slug":"cristina-kirchner-envio-un-mensaje-a-una-importante-marcha-en-parque-lezama","status":"publish","type":"post","link":"https:\/\/cdnoticias.com\/index.php\/2025\/06\/20\/cristina-kirchner-envio-un-mensaje-a-una-importante-marcha-en-parque-lezama\/","title":{"rendered":"Cristina Kirchner envi\u00f3 un mensaje a una importante marcha en Parque Lezama"},"content":{"rendered":"\n<p>Lo hizo desde su casa, donde cumple con un r\u00e9gimen de prisi\u00f3n domiciliaria. Nuevamente realiz\u00f3 cr\u00edticas al gobierno nacional, duros cuestionamientos a Patricia Bullrich y dijo \u201cla gente no come polic\u00edas ni a Cristina presa\u201d por la situaci\u00f3n social.<\/p>\n\n\n\n<hr class=\"wp-block-separator aligncenter has-alpha-channel-opacity\"\/>\n\n\n\n<p>La <strong>expresidenta Cristina Fern\u00e1ndez de Kirchner, quien cumple prisi\u00f3n domiciliaria desde el martes pasado, envi\u00f3 un mensaje grabado especialmente para los miles de personas que se congregaron este jueves en Parque Lezama, en el barrio porte\u00f1o de San Telmo, para expresarle su apoyo. <\/strong>En su intervenci\u00f3n, Cristina hizo un an\u00e1lisis del rumbo econ\u00f3mico del Gobierno de Javier Milei, manifest\u00f3 su preocupaci\u00f3n por los datos de desocupaci\u00f3n conocidos en los \u00faltimos d\u00edas y subray\u00f3 que<em> \u201clos gobiernos provinciales y municipales est\u00e1n bancando la parada\u201d.<\/em><\/p>\n\n\n\n<p>En el comienzo de su mensaje, <strong>Cristina agradeci\u00f3 a quienes se acercaron al parque para evitar roces con las fuerzas de seguridad desplegadas en su domicilio, en la calle San Jos\u00e9 1111 del barrio de Constituci\u00f3n, y cuestion\u00f3 el operativo ordenado por la ministra de Seguridad, Patricia Bullrich<\/strong>. <em>\u201cM\u00e1s o menos a las 3 de la ma\u00f1ana me despert\u00e9 por unos ruidos en la calle, chapas que arrastraban, me hizo acordar a cuando en 2022 la Polic\u00eda instal\u00f3 vallas en mi casa en Juncal y Uruguay. No me levant\u00e9 porque no me imagin\u00e9 que la gente pueda cometer dos veces las mismas estupideces\u201d<\/em>, expres\u00f3, aludiendo al 1\u00b0 de septiembre de 2022, cuando fue v\u00edctima de un intento de magnicidio.<\/p>\n\n\n\n<p>La exmandataria apunt\u00f3 directamente contra Bullrich: \u201c<em><strong>Esta vez fue la Polic\u00eda Federal Argentina (PFA) comandada por Patricia Bullrich, esa mujer nefasta que integr\u00f3 todos los gobiernos causando gran dolor a todos los argentinos. Mamita, qu\u00e9 curriculum\u201d<\/strong><\/em>, dijo con iron\u00eda. Acus\u00f3 a la ministra de<em> \u201cquerer protagonismo porque, al igual que Macri, es una absoluta fracasada\u201d,<\/em> y de intentar<em><strong> \u201ctapar el desastre pol\u00edtico y econ\u00f3mico que sufre nuestro pa\u00eds en el gobierno de Milei\u201d.<\/strong><\/em><\/p>\n\n\n\n<p>Cristina se\u00f1al\u00f3 que <strong>el operativo de la PFA tuvo la <em>\u201cintenci\u00f3n de provocar conflicto y caos\u201d,<\/em><\/strong> y remarc\u00f3 que no hubo incidentes en ninguna de las movilizaciones realizadas desde el #18J: <em>\u201cSe realizaron en paz, perfecto orden y respeto por la propiedad privada y el espacio p\u00fablico\u201d.<\/em><\/p>\n\n\n\n<p>Respecto de la situaci\u00f3n econ\u00f3mica, la expresidenta se refiri\u00f3 a los datos de desocupaci\u00f3n, poniendo el foco en los centros industriales de la provincia de Buenos Aires y C\u00f3rdoba, donde los \u00edndices superan el 9%.<em> \u201cVinieron hablando de futuro y nos traen lo peor del pasado. Los salarios congelados, la ca\u00edda del consumo, el sueldo que se va en servicios y cuotas, y de las cuentas p\u00fablicas mejor ni hablar, en vez de mejorar cada vez necesitan m\u00e1s d\u00f3lares que no tienen y que consumen casi con la velocidad del drogadicto\u201d,<\/em> grafic\u00f3.<\/p>\n\n\n\n<p>Sobre el mercado cambiario, indic\u00f3:<em><strong> \u201cEn abril pasado se levant\u00f3 la restricci\u00f3n a las personas f\u00edsicas para comprar d\u00f3lares; en 15 d\u00edas se fueron 2 mil millones de d\u00f3lares; en mayo se llevaron de las reservas 1.700 millones de d\u00f3lares; por lo tanto, en 45 d\u00edas se llevaron casi 4 mil millones de d\u00f3lares, un tercio del segundo pr\u00e9stamo del FMI por 12 mil millones de d\u00f3lares. \u00bfQu\u00e9 puede salir bien de todo esto? \u00bfAlguien me lo explica sensatamente? La cuenta es sencilla, estamos al horno\u201d.<\/strong><\/em><\/p>\n\n\n\n<p>Tambi\u00e9n cuestion\u00f3 el super\u00e1vit fiscal que destaca el Gobierno nacional: <em>\u201cEs muy trucho. Les deben plata a todas las provincias, no les pagan a las 10 provincias que no transfirieron las cajas de jubilaciones, les deben fortunas monumentales. No hablemos de educaci\u00f3n, de obras paralizadas; desfinancian la ciencia, la salud, no arreglan rutas, no hacen nada que sea responsabilidad de la gesti\u00f3n del Estado, as\u00ed cualquiera tiene super\u00e1vit\u201d.<\/em><\/p>\n\n\n\n<p>Cristina asegur\u00f3: <em><strong>\u201cEl Estado no hace nada porque no se hace cargo de nada: \u00bfsolo est\u00e1 para cobrar impuestos? Porque la gente va a tener que seguir pagando el IVA, el impuesto a los combustibles. Los que est\u00e1n parando la olla son los gobiernos provinciales y los municipios. Esto es un modelo insostenible en la pr\u00e1ctica y los hechos, que indefectiblemente se cae. Podr\u00e1n mandar fuerzas de seguridad a donde quieran: la gente no come polic\u00edas ni a Cristina presa\u201d.<\/strong><\/em><\/p>\n\n\n\n<p>En el final de su mensaje, la expresidenta record\u00f3 a Manuel Belgrano en el D\u00eda de la Bandera y expres\u00f3:<em><strong> \u201cHoy, la Patria, que no es otra cosa que el pueblo mismo, tiene que ser defendida. Esta etapa exige mucha sabidur\u00eda, mucha creatividad, para organizarse y para volver\u201d.<\/strong><\/em><\/p>\n\n\n\n<p>Tras la ovaci\u00f3n de los presentes, se escuch\u00f3 una posdata en la que pidi\u00f3 a los manifestantes que se retiraran directamente a sus hogares para evitar cualquier incidente: <em>\u201cCompa\u00f1eros y compa\u00f1eras, feliz D\u00eda de la Bandera, viva Belgrano y viva la Patria. Un beso y un abrazo\u201d.<\/em><\/p>\n","protected":false},"excerpt":{"rendered":"<p>Lo hizo desde su casa, donde cumple con un r\u00e9gimen de prisi\u00f3n domiciliaria. Nuevamente realiz\u00f3 cr\u00edticas al gobierno nacional, duros<\/p>\n","protected":false},"author":2,"featured_media":174817,"comment_status":"closed","ping_status":"closed","sticky":false,"template":"","format":"standard","meta":{"_jetpack_memberships_contains_paid_content":false,"footnotes":""},"categories":[6,1],"tags":[],"class_list":["post-174816","post","type-post","status-publish","format-standard","has-post-thumbnail","hentry","category-nacionales","category-portada"],"jetpack_featured_media_url":"https:\/\/i0.wp.com\/cdnoticias.com\/wp-content\/uploads\/2025\/06\/Gt6yRevXoAAcr0G.jpeg?fit=1280%2C720&ssl=1","jetpack_sharing_enabled":true,"_links":{"self":[{"href":"https:\/\/cdnoticias.com\/index.php\/wp-json\/wp\/v2\/posts\/174816","targetHints":{"allow":["GET"]}}],"collection":[{"href":"https:\/\/cdnoticias.com\/index.php\/wp-json\/wp\/v2\/posts"}],"about":[{"href":"https:\/\/cdnoticias.com\/index.php\/wp-json\/wp\/v2\/types\/post"}],"author":[{"embeddable":true,"href":"https:\/\/cdnoticias.com\/index.php\/wp-json\/wp\/v2\/users\/2"}],"replies":[{"embeddable":true,"href":"https:\/\/cdnoticias.com\/index.php\/wp-json\/wp\/v2\/comments?post=174816"}],"version-history":[{"count":0,"href":"https:\/\/cdnoticias.com\/index.php\/wp-json\/wp\/v2\/posts\/174816\/revisions"}],"wp:featuredmedia":[{"embeddable":true,"href":"https:\/\/cdnoticias.com\/index.php\/wp-json\/wp\/v2\/media\/174817"}],"wp:attachment":[{"href":"https:\/\/cdnoticias.com\/index.php\/wp-json\/wp\/v2\/media?parent=174816"}],"wp:term":[{"taxonomy":"category","embeddable":true,"href":"https:\/\/cdnoticias.com\/index.php\/wp-json\/wp\/v2\/categories?post=174816"},{"taxonomy":"post_tag","embeddable":true,"href":"https:\/\/cdnoticias.com\/index.php\/wp-json\/wp\/v2\/tags?post=174816"}],"curies":[{"name":"wp","href":"https:\/\/api.w.org\/{rel}","templated":true}]}}