{"id":174802,"date":"2025-06-20T18:39:27","date_gmt":"2025-06-20T21:39:27","guid":{"rendered":"https:\/\/cdnoticias.com\/?p=174802"},"modified":"2025-06-20T18:39:29","modified_gmt":"2025-06-20T21:39:29","slug":"avanza-la-etapa-local-de-los-juegos-bonaerenses","status":"publish","type":"post","link":"https:\/\/cdnoticias.com\/index.php\/2025\/06\/20\/avanza-la-etapa-local-de-los-juegos-bonaerenses\/","title":{"rendered":"Avanza la etapa local de los Juegos Bonaerenses"},"content":{"rendered":"\n<p>El cronograma contin\u00faa con nuevas competencias para personas mayores y juveniles, mientras se definen los clasificados al regional.<\/p>\n\n\n\n<hr class=\"wp-block-separator aligncenter has-alpha-channel-opacity\"\/>\n\n\n\n<p>Con la coordinaci\u00f3n de la Subsecretar\u00eda de Deportes del Municipio, <strong>avanza la etapa local de los Juegos Bonaerenses, que marcan el primer paso rumbo a la final provincial prevista para mediados de octubre en Mar del Plata.<\/strong><\/p>\n\n\n\n<p>La actividad deportiva transita sus \u00faltimas dos semanas.<strong> En personas mayores, el lunes ser\u00e1 el turno del chinch\u00f3n, el martes de la \u201cescoba del 15\u201d (ambos en Villa Floresta) y el mi\u00e9rcoles del sapo (en Mariano Moreno). Todas las jornadas comenzar\u00e1n a las 10 de la ma\u00f1ana,<\/strong> medida dispuesta por las bajas temperaturas.<\/p>\n\n\n\n<figure class=\"wp-block-image size-large\"><img data-recalc-dims=\"1\" loading=\"lazy\" decoding=\"async\" width=\"800\" height=\"600\" src=\"https:\/\/i0.wp.com\/cdnoticias.com\/wp-content\/uploads\/2025\/06\/Bonaerenses-etapa-local-2025-10.jpeg?resize=800%2C600&#038;ssl=1\" alt=\"\" class=\"wp-image-174804\" srcset=\"https:\/\/i0.wp.com\/cdnoticias.com\/wp-content\/uploads\/2025\/06\/Bonaerenses-etapa-local-2025-10.jpeg?resize=1024%2C768&amp;ssl=1 1024w, https:\/\/i0.wp.com\/cdnoticias.com\/wp-content\/uploads\/2025\/06\/Bonaerenses-etapa-local-2025-10.jpeg?resize=300%2C225&amp;ssl=1 300w, https:\/\/i0.wp.com\/cdnoticias.com\/wp-content\/uploads\/2025\/06\/Bonaerenses-etapa-local-2025-10.jpeg?resize=768%2C576&amp;ssl=1 768w, https:\/\/i0.wp.com\/cdnoticias.com\/wp-content\/uploads\/2025\/06\/Bonaerenses-etapa-local-2025-10.jpeg?w=1156&amp;ssl=1 1156w\" sizes=\"auto, (max-width: 800px) 100vw, 800px\" \/><\/figure>\n\n\n\n<figure class=\"wp-block-image size-large\"><img data-recalc-dims=\"1\" loading=\"lazy\" decoding=\"async\" width=\"800\" height=\"600\" src=\"https:\/\/i0.wp.com\/cdnoticias.com\/wp-content\/uploads\/2025\/06\/Bonaerenses-etapa-local-2025-9.jpeg?resize=800%2C600&#038;ssl=1\" alt=\"\" class=\"wp-image-174803\" srcset=\"https:\/\/i0.wp.com\/cdnoticias.com\/wp-content\/uploads\/2025\/06\/Bonaerenses-etapa-local-2025-9.jpeg?resize=1024%2C768&amp;ssl=1 1024w, https:\/\/i0.wp.com\/cdnoticias.com\/wp-content\/uploads\/2025\/06\/Bonaerenses-etapa-local-2025-9.jpeg?resize=300%2C225&amp;ssl=1 300w, https:\/\/i0.wp.com\/cdnoticias.com\/wp-content\/uploads\/2025\/06\/Bonaerenses-etapa-local-2025-9.jpeg?resize=768%2C576&amp;ssl=1 768w, https:\/\/i0.wp.com\/cdnoticias.com\/wp-content\/uploads\/2025\/06\/Bonaerenses-etapa-local-2025-9.jpeg?w=1156&amp;ssl=1 1156w\" sizes=\"auto, (max-width: 800px) 100vw, 800px\" \/><\/figure>\n\n\n\n<p><strong>En juveniles, el lunes en el complejo \u201cLas Canchitas\u201d se disputar\u00e1 la etapa local de f\u00fatbol playa. En paralelo, el handball tendr\u00e1 lugar en Racing y luego en el macro gimnasio de Estudiantes durante martes y mi\u00e9rcoles. Tambi\u00e9n el mi\u00e9rcoles, pero en Racing, continuar\u00e1 el beach v\u00f3ley.<\/strong><\/p>\n\n\n\n<p>Entre los resultados m\u00e1s recientes,<strong> Ferro brill\u00f3 en b\u00e1squet femenino 3&#215;3<\/strong> al imponerse en U14, U16 y U18; <strong>en masculino gan\u00f3 en U14. En U16 masculino clasific\u00f3 San Mart\u00edn de Sierras Bayas y en U18 lo hizo Estudiantes.<\/strong><\/p>\n\n\n\n<figure class=\"wp-block-image size-large\"><img data-recalc-dims=\"1\" loading=\"lazy\" decoding=\"async\" width=\"800\" height=\"510\" src=\"https:\/\/i0.wp.com\/cdnoticias.com\/wp-content\/uploads\/2025\/06\/Bonaerenses-etapa-local-2025-5.jpeg?resize=800%2C510&#038;ssl=1\" alt=\"\" class=\"wp-image-174808\" srcset=\"https:\/\/i0.wp.com\/cdnoticias.com\/wp-content\/uploads\/2025\/06\/Bonaerenses-etapa-local-2025-5.jpeg?resize=1024%2C653&amp;ssl=1 1024w, https:\/\/i0.wp.com\/cdnoticias.com\/wp-content\/uploads\/2025\/06\/Bonaerenses-etapa-local-2025-5.jpeg?resize=300%2C191&amp;ssl=1 300w, https:\/\/i0.wp.com\/cdnoticias.com\/wp-content\/uploads\/2025\/06\/Bonaerenses-etapa-local-2025-5.jpeg?resize=768%2C490&amp;ssl=1 768w, https:\/\/i0.wp.com\/cdnoticias.com\/wp-content\/uploads\/2025\/06\/Bonaerenses-etapa-local-2025-5.jpeg?w=1199&amp;ssl=1 1199w\" sizes=\"auto, (max-width: 800px) 100vw, 800px\" \/><\/figure>\n\n\n\n<figure class=\"wp-block-image size-large\"><img data-recalc-dims=\"1\" loading=\"lazy\" decoding=\"async\" width=\"800\" height=\"523\" src=\"https:\/\/i0.wp.com\/cdnoticias.com\/wp-content\/uploads\/2025\/06\/Bonaerenses-etapa-local-2025-3.jpeg?resize=800%2C523&#038;ssl=1\" alt=\"\" class=\"wp-image-174807\" srcset=\"https:\/\/i0.wp.com\/cdnoticias.com\/wp-content\/uploads\/2025\/06\/Bonaerenses-etapa-local-2025-3.jpeg?resize=1024%2C669&amp;ssl=1 1024w, https:\/\/i0.wp.com\/cdnoticias.com\/wp-content\/uploads\/2025\/06\/Bonaerenses-etapa-local-2025-3.jpeg?resize=300%2C196&amp;ssl=1 300w, https:\/\/i0.wp.com\/cdnoticias.com\/wp-content\/uploads\/2025\/06\/Bonaerenses-etapa-local-2025-3.jpeg?resize=768%2C502&amp;ssl=1 768w, https:\/\/i0.wp.com\/cdnoticias.com\/wp-content\/uploads\/2025\/06\/Bonaerenses-etapa-local-2025-3.jpeg?w=1335&amp;ssl=1 1335w\" sizes=\"auto, (max-width: 800px) 100vw, 800px\" \/><\/figure>\n\n\n\n<p><strong>Santa Teresa triunf\u00f3 en voley Sub16 y Softbol Escolar No federado. C\u00e1neva se clasific\u00f3 en b\u00e1squet Sub18 femenino 5&#215;5. En pat\u00edn la clasificada fue Martina Disalvo. En personas mayores, la etapa local de loter\u00eda tuvo como ganadores a Juan Carlos Gramundo y Mar\u00eda S\u00e1nchez.<\/strong><\/p>\n\n\n\n<figure class=\"wp-block-image size-full\"><img data-recalc-dims=\"1\" loading=\"lazy\" decoding=\"async\" width=\"800\" height=\"552\" src=\"https:\/\/i0.wp.com\/cdnoticias.com\/wp-content\/uploads\/2025\/06\/Bonaerenses-etapa-local-2025-2.jpeg?resize=800%2C552&#038;ssl=1\" alt=\"\" class=\"wp-image-174806\" srcset=\"https:\/\/i0.wp.com\/cdnoticias.com\/wp-content\/uploads\/2025\/06\/Bonaerenses-etapa-local-2025-2.jpeg?w=955&amp;ssl=1 955w, https:\/\/i0.wp.com\/cdnoticias.com\/wp-content\/uploads\/2025\/06\/Bonaerenses-etapa-local-2025-2.jpeg?resize=300%2C207&amp;ssl=1 300w, https:\/\/i0.wp.com\/cdnoticias.com\/wp-content\/uploads\/2025\/06\/Bonaerenses-etapa-local-2025-2.jpeg?resize=768%2C530&amp;ssl=1 768w, https:\/\/i0.wp.com\/cdnoticias.com\/wp-content\/uploads\/2025\/06\/Bonaerenses-etapa-local-2025-2.jpeg?resize=392%2C272&amp;ssl=1 392w, https:\/\/i0.wp.com\/cdnoticias.com\/wp-content\/uploads\/2025\/06\/Bonaerenses-etapa-local-2025-2.jpeg?resize=130%2C90&amp;ssl=1 130w\" sizes=\"auto, (max-width: 800px) 100vw, 800px\" \/><\/figure>\n","protected":false},"excerpt":{"rendered":"<p>El cronograma contin\u00faa con nuevas competencias para personas mayores y juveniles, mientras se definen los clasificados al regional. Con la<\/p>\n","protected":false},"author":2,"featured_media":174810,"comment_status":"closed","ping_status":"closed","sticky":false,"template":"","format":"standard","meta":{"_jetpack_memberships_contains_paid_content":false,"footnotes":""},"categories":[29,30,1],"tags":[],"class_list":["post-174802","post","type-post","status-publish","format-standard","has-post-thumbnail","hentry","category-deportes","category-polideportivo","category-portada"],"jetpack_featured_media_url":"https:\/\/i0.wp.com\/cdnoticias.com\/wp-content\/uploads\/2025\/06\/Bonaerenses-etapa-local-2025-7.jpeg?fit=1600%2C1200&ssl=1","jetpack_sharing_enabled":true,"_links":{"self":[{"href":"https:\/\/cdnoticias.com\/index.php\/wp-json\/wp\/v2\/posts\/174802","targetHints":{"allow":["GET"]}}],"collection":[{"href":"https:\/\/cdnoticias.com\/index.php\/wp-json\/wp\/v2\/posts"}],"about":[{"href":"https:\/\/cdnoticias.com\/index.php\/wp-json\/wp\/v2\/types\/post"}],"author":[{"embeddable":true,"href":"https:\/\/cdnoticias.com\/index.php\/wp-json\/wp\/v2\/users\/2"}],"replies":[{"embeddable":true,"href":"https:\/\/cdnoticias.com\/index.php\/wp-json\/wp\/v2\/comments?post=174802"}],"version-history":[{"count":0,"href":"https:\/\/cdnoticias.com\/index.php\/wp-json\/wp\/v2\/posts\/174802\/revisions"}],"wp:featuredmedia":[{"embeddable":true,"href":"https:\/\/cdnoticias.com\/index.php\/wp-json\/wp\/v2\/media\/174810"}],"wp:attachment":[{"href":"https:\/\/cdnoticias.com\/index.php\/wp-json\/wp\/v2\/media?parent=174802"}],"wp:term":[{"taxonomy":"category","embeddable":true,"href":"https:\/\/cdnoticias.com\/index.php\/wp-json\/wp\/v2\/categories?post=174802"},{"taxonomy":"post_tag","embeddable":true,"href":"https:\/\/cdnoticias.com\/index.php\/wp-json\/wp\/v2\/tags?post=174802"}],"curies":[{"name":"wp","href":"https:\/\/api.w.org\/{rel}","templated":true}]}}