{"id":174800,"date":"2025-06-20T18:18:47","date_gmt":"2025-06-20T21:18:47","guid":{"rendered":"https:\/\/cdnoticias.com\/?p=174800"},"modified":"2025-06-20T18:18:49","modified_gmt":"2025-06-20T21:18:49","slug":"arranca-el-invierno-este-fin-de-semana-y-llega-el-frio-polar","status":"publish","type":"post","link":"https:\/\/cdnoticias.com\/index.php\/2025\/06\/20\/arranca-el-invierno-este-fin-de-semana-y-llega-el-frio-polar\/","title":{"rendered":"Arranca el invierno este fin de semana y llega el fr\u00edo polar"},"content":{"rendered":"\n<p>Una masa de aire fr\u00edo de origen polar comenzar\u00e1 a avanzar desde la Patagonia y provocar\u00e1 un marcado descenso de temperaturas en todo el pa\u00eds.<\/p>\n\n\n\n<hr class=\"wp-block-separator aligncenter has-alpha-channel-opacity\"\/>\n\n\n\n<p>El Servicio Meteorol\u00f3gico Nacional (SMN) inform\u00f3 que, acorde con el inicio del invierno astron\u00f3mico, <strong>este fin de semana ingresar\u00e1 una masa de aire fr\u00edo desde la Patagonia, lo que har\u00e1 descender bruscamente la temperatura en el sur y, en forma progresiva, en el centro y norte del pa\u00eds.<\/strong><\/p>\n\n\n\n<p><em>\u201cEl ingreso de aire fr\u00edo comenzar\u00e1 este s\u00e1bado, es una masa de aire de origen polar que va a provocar un dr\u00e1stico descenso de las temperaturas acompa\u00f1ado por vientos fuertes y nevadas en la Patagonia, donde podr\u00edan registrarse marcas de hasta 10 grados bajo cero\u201d,<\/em> indic\u00f3 la comunicadora del SMN, Cindy Fern\u00e1ndez.<\/p>\n\n\n\n<p>A lo largo del domingo,<strong> el aire fr\u00edo llegar\u00e1 a la zona central del pa\u00eds, con fuertes vientos y temperaturas muy bajas en la Regi\u00f3n Pampeana. El lunes se prev\u00e9n ma\u00f1anas con valores bajo cero y heladas, situaci\u00f3n que tambi\u00e9n se extender\u00e1 a las provincias del norte argentino.<\/strong><\/p>\n\n\n\n<p>Por otra parte, <strong>el solsticio de invierno en el hemisferio sur se produce este viernes 20 de junio a las 23:41.<\/strong> Este fen\u00f3meno marca el inicio de la estaci\u00f3n astron\u00f3mica, aunque el invierno meteorol\u00f3gico comenz\u00f3 el 1\u00ba de junio y se extiende hasta el 31 de agosto, con <strong>el pico de fr\u00edo a mediados de julio.<\/strong><\/p>\n\n\n\n<p><strong>Se recomienda abrigarse bien, especialmente en las primeras horas del d\u00eda y la noche, y tener precauci\u00f3n con los vientos intensos <\/strong>si se circula por rutas del sur y centro del pa\u00eds. Ideal para evitar actividades al aire libre prolongadas y optar por espacios calefaccionados.<\/p>\n","protected":false},"excerpt":{"rendered":"<p>Una masa de aire fr\u00edo de origen polar comenzar\u00e1 a avanzar desde la Patagonia y provocar\u00e1 un marcado descenso de<\/p>\n","protected":false},"author":2,"featured_media":90580,"comment_status":"closed","ping_status":"closed","sticky":false,"template":"","format":"standard","meta":{"_jetpack_memberships_contains_paid_content":false,"footnotes":""},"categories":[6,1],"tags":[],"class_list":["post-174800","post","type-post","status-publish","format-standard","has-post-thumbnail","hentry","category-nacionales","category-portada"],"jetpack_featured_media_url":"https:\/\/i0.wp.com\/cdnoticias.com\/wp-content\/uploads\/2023\/07\/helada-frio-invierno-03.jpg?fit=800%2C445&ssl=1","jetpack_sharing_enabled":true,"_links":{"self":[{"href":"https:\/\/cdnoticias.com\/index.php\/wp-json\/wp\/v2\/posts\/174800","targetHints":{"allow":["GET"]}}],"collection":[{"href":"https:\/\/cdnoticias.com\/index.php\/wp-json\/wp\/v2\/posts"}],"about":[{"href":"https:\/\/cdnoticias.com\/index.php\/wp-json\/wp\/v2\/types\/post"}],"author":[{"embeddable":true,"href":"https:\/\/cdnoticias.com\/index.php\/wp-json\/wp\/v2\/users\/2"}],"replies":[{"embeddable":true,"href":"https:\/\/cdnoticias.com\/index.php\/wp-json\/wp\/v2\/comments?post=174800"}],"version-history":[{"count":0,"href":"https:\/\/cdnoticias.com\/index.php\/wp-json\/wp\/v2\/posts\/174800\/revisions"}],"wp:featuredmedia":[{"embeddable":true,"href":"https:\/\/cdnoticias.com\/index.php\/wp-json\/wp\/v2\/media\/90580"}],"wp:attachment":[{"href":"https:\/\/cdnoticias.com\/index.php\/wp-json\/wp\/v2\/media?parent=174800"}],"wp:term":[{"taxonomy":"category","embeddable":true,"href":"https:\/\/cdnoticias.com\/index.php\/wp-json\/wp\/v2\/categories?post=174800"},{"taxonomy":"post_tag","embeddable":true,"href":"https:\/\/cdnoticias.com\/index.php\/wp-json\/wp\/v2\/tags?post=174800"}],"curies":[{"name":"wp","href":"https:\/\/api.w.org\/{rel}","templated":true}]}}