{"id":17477,"date":"2021-03-29T17:32:54","date_gmt":"2021-03-29T20:32:54","guid":{"rendered":"http:\/\/www.centraldenoticias.com.ar\/?p=17477"},"modified":"2021-03-29T20:55:55","modified_gmt":"2021-03-29T23:55:55","slug":"se-llevo-a-cabo-a-primera-reunion-de-la-mesa-de-paritaria-municipal","status":"publish","type":"post","link":"https:\/\/cdnoticias.com\/index.php\/2021\/03\/29\/se-llevo-a-cabo-a-primera-reunion-de-la-mesa-de-paritaria-municipal\/","title":{"rendered":"Se llev\u00f3 a cabo a primera reuni\u00f3n de la Mesa de Paritaria Municipal"},"content":{"rendered":"<p>El encuentro se llev\u00f3 a cabo en la ma\u00f1ana de este lunes en el palacio Municipal, donde concurrieron el intendente, funcionarios y referentes sindicales.<!--more--><\/p>\n<hr \/>\n<p>El Intendente Ezequiel Galli encabez\u00f3 este lunes por la ma\u00f1ana en la Sala de Reuniones del palacio San Mart\u00edn<strong> la presentaci\u00f3n de la mesa de paritarias 2021 con el Sindicato de Trabajadores Municipales de Olavarr\u00eda.<\/strong><\/p>\n<p>&nbsp;<\/p>\n<p><img data-recalc-dims=\"1\" loading=\"lazy\" decoding=\"async\" class=\"alignnone size-large wp-image-17478\" src=\"https:\/\/i0.wp.com\/cdnoticias.com\/wp-content\/uploads\/2021\/03\/Reunion-Ejecutivo-Sindicato-de-trabajadores-Municipales-2-scaled.jpg?resize=800%2C534&#038;ssl=1\" alt=\"\" width=\"800\" height=\"534\" srcset=\"https:\/\/i0.wp.com\/cdnoticias.com\/wp-content\/uploads\/2021\/03\/Reunion-Ejecutivo-Sindicato-de-trabajadores-Municipales-2-scaled.jpg?resize=1024%2C684&amp;ssl=1 1024w, https:\/\/i0.wp.com\/cdnoticias.com\/wp-content\/uploads\/2021\/03\/Reunion-Ejecutivo-Sindicato-de-trabajadores-Municipales-2-scaled.jpg?resize=300%2C201&amp;ssl=1 300w, https:\/\/i0.wp.com\/cdnoticias.com\/wp-content\/uploads\/2021\/03\/Reunion-Ejecutivo-Sindicato-de-trabajadores-Municipales-2-scaled.jpg?resize=768%2C513&amp;ssl=1 768w, https:\/\/i0.wp.com\/cdnoticias.com\/wp-content\/uploads\/2021\/03\/Reunion-Ejecutivo-Sindicato-de-trabajadores-Municipales-2-scaled.jpg?resize=272%2C182&amp;ssl=1 272w, https:\/\/i0.wp.com\/cdnoticias.com\/wp-content\/uploads\/2021\/03\/Reunion-Ejecutivo-Sindicato-de-trabajadores-Municipales-2-scaled.jpg?w=1600&amp;ssl=1 1600w, https:\/\/i0.wp.com\/cdnoticias.com\/wp-content\/uploads\/2021\/03\/Reunion-Ejecutivo-Sindicato-de-trabajadores-Municipales-2-scaled.jpg?w=2400&amp;ssl=1 2400w\" sizes=\"auto, (max-width: 800px) 100vw, 800px\" \/><\/p>\n<p>&nbsp;<\/p>\n<p>Del encuentro participaron <strong>adem\u00e1s del jefe comunal el Secretario de Gobierno Hilario Galli, la Secretaria de Econom\u00eda y Hacienda Eugenia Bezzoni, el Subsecretario de Legal y T\u00e9cnica Marcelo Fabbi, el Director de Personal Gabriel Requena y representantes del Sindicato.<\/strong><\/p>\n<p>&nbsp;<\/p>\n<p>Seg\u00fan informaron, el objetivo de este primer encuentro fue <strong>la presentaci\u00f3n formal de la mesa negociadora de estas nuevas paritarias municipales.<\/strong><\/p>\n","protected":false},"excerpt":{"rendered":"<p>El encuentro se llev\u00f3 a cabo en la ma\u00f1ana de este lunes en el palacio Municipal, donde concurrieron el intendente,<\/p>\n","protected":false},"author":3,"featured_media":17479,"comment_status":"closed","ping_status":"closed","sticky":false,"template":"","format":"standard","meta":{"_jetpack_memberships_contains_paid_content":false,"footnotes":""},"categories":[5],"tags":[],"class_list":["post-17477","post","type-post","status-publish","format-standard","has-post-thumbnail","hentry","category-informacion-general"],"jetpack_featured_media_url":"https:\/\/i0.wp.com\/cdnoticias.com\/wp-content\/uploads\/2021\/03\/Reunion-Ejecutivo-Sindicato-de-trabajadores-Municipales-1-scaled.jpg?fit=2560%2C1711&ssl=1","jetpack_sharing_enabled":true,"_links":{"self":[{"href":"https:\/\/cdnoticias.com\/index.php\/wp-json\/wp\/v2\/posts\/17477","targetHints":{"allow":["GET"]}}],"collection":[{"href":"https:\/\/cdnoticias.com\/index.php\/wp-json\/wp\/v2\/posts"}],"about":[{"href":"https:\/\/cdnoticias.com\/index.php\/wp-json\/wp\/v2\/types\/post"}],"author":[{"embeddable":true,"href":"https:\/\/cdnoticias.com\/index.php\/wp-json\/wp\/v2\/users\/3"}],"replies":[{"embeddable":true,"href":"https:\/\/cdnoticias.com\/index.php\/wp-json\/wp\/v2\/comments?post=17477"}],"version-history":[{"count":0,"href":"https:\/\/cdnoticias.com\/index.php\/wp-json\/wp\/v2\/posts\/17477\/revisions"}],"wp:featuredmedia":[{"embeddable":true,"href":"https:\/\/cdnoticias.com\/index.php\/wp-json\/wp\/v2\/media\/17479"}],"wp:attachment":[{"href":"https:\/\/cdnoticias.com\/index.php\/wp-json\/wp\/v2\/media?parent=17477"}],"wp:term":[{"taxonomy":"category","embeddable":true,"href":"https:\/\/cdnoticias.com\/index.php\/wp-json\/wp\/v2\/categories?post=17477"},{"taxonomy":"post_tag","embeddable":true,"href":"https:\/\/cdnoticias.com\/index.php\/wp-json\/wp\/v2\/tags?post=17477"}],"curies":[{"name":"wp","href":"https:\/\/api.w.org\/{rel}","templated":true}]}}