{"id":174750,"date":"2025-06-22T11:41:59","date_gmt":"2025-06-22T14:41:59","guid":{"rendered":"https:\/\/cdnoticias.com\/?p=174750"},"modified":"2025-06-23T08:25:36","modified_gmt":"2025-06-23T11:25:36","slug":"casos-de-abigeatos-el-foro-de-seguridad-rural-argentino-se-reunio-con-autoridades-policiales-de-olavarria","status":"publish","type":"post","link":"https:\/\/cdnoticias.com\/index.php\/2025\/06\/22\/casos-de-abigeatos-el-foro-de-seguridad-rural-argentino-se-reunio-con-autoridades-policiales-de-olavarria\/","title":{"rendered":"Casos de abigeatos: el Foro de Seguridad Rural Argentino se reuni\u00f3 con autoridades policiales de Olavarr\u00eda"},"content":{"rendered":"<p>Se habl\u00f3 de la falta de personal policial en las localidades. Pablo Gonz\u00e1lez se\u00f1al\u00f3 que este problema se inici\u00f3 en 2015. Buscar\u00e1n reflotar un proyecto de ley para que ciertas sedes policiales pasen a la \u00f3rbita del Comando de Prevenci\u00f3n Rural. Robo de hacienda en pie en Colonia San Miguel.<!--more--><\/p>\n<hr \/>\n<p>Integrantes del <strong>Foro de Seguridad Rural Argentino<\/strong> se reunieron con<strong> autoridades de la jefatura Departamental de Polic\u00eda de Olavarr\u00eda<\/strong> para dialogar sobre la situaci\u00f3n local. La <strong>falta de personal<\/strong> fue el eje del di\u00e1logo y en ese marco se adelant\u00f3 la <strong>intenci\u00f3n de volver a presentar un proyecto de ley<\/strong> a fin de buscar resolver esa cuesti\u00f3n en las localidades del Partido. La propuesta busca <strong>modificar cu\u00e1les dependencias se mantienen a cargo de la Departamental<\/strong> y cu\u00e1les <strong>pasan a la \u00f3rbita del Comando de Prevenci\u00f3n Rural<\/strong>, que cuenta con mayores recursos de personal y veh\u00edculos.<\/p>\n<p><strong>Central de Noticias<\/strong> habl\u00f3 con <strong>Pablo Gonz\u00e1lez, miembro del Foro de Seguridad Rural Argentino<\/strong>, y quien fue parte de la <strong>reuni\u00f3n en la que estuvo el jefe departamental comisario Leandro Scavuzzo.<\/strong><\/p>\n<p>En las \u00faltimas semanas se conocieron <a href=\"https:\/\/cdnoticias.com\/index.php\/2025\/05\/23\/productor-rural-cansado-de-los-abigeatos-no-pago-mas-impuestos\/\" target=\"_blank\" rel=\"noopener\"><strong>numerosos hechos de abigeato<\/strong> que afectan a productores locales<\/a> y el tema fue tratado<a href=\"https:\/\/cdnoticias.com\/index.php\/2025\/06\/07\/abigeatos-los-mas-damnificados-son-los-que-estan-cerca-de-la-ciudad-y-tienen-los-campos-mas-chicos\/\" target=\"_blank\" rel=\"noopener\"> en la \u00faltima reuni\u00f3n del Consejo de Seguridad Municipal<\/a>, en la que tambi\u00e9n participa el Foro de Seguridad Rural. Cabe agregar que este Foro, a trav\u00e9s de un representante de la provincia de Buenos Aires, tambi\u00e9n participa de la Mesa de Delitos Rurales que impulsa la Direcci\u00f3n Nacional de Operaciones y Despliegue Territorial del Ministerio de Seguridad de la Naci\u00f3n.<\/p>\n<blockquote><p>Pablo Gonz\u00e1lez se\u00f1al\u00f3 que la falta de personal que afecta a las dependencias policiales de las localidades de Olavarr\u00eda \u201carranca desde 2015 con la conformaci\u00f3n del Comando de Patrullas. Parte de la conformaci\u00f3n la hicieron sacando personal de las localidades y por eso quedaron debilitadas\u201d indic\u00f3.<\/p><\/blockquote>\n<p><img data-recalc-dims=\"1\" loading=\"lazy\" decoding=\"async\" class=\"alignnone size-large wp-image-174752 aligncenter\" src=\"https:\/\/i0.wp.com\/cdnoticias.com\/wp-content\/uploads\/2025\/06\/pablo-gonzalez-00.jpg?resize=800%2C446&#038;ssl=1\" alt=\"\" width=\"800\" height=\"446\" srcset=\"https:\/\/i0.wp.com\/cdnoticias.com\/wp-content\/uploads\/2025\/06\/pablo-gonzalez-00.jpg?resize=1024%2C571&amp;ssl=1 1024w, https:\/\/i0.wp.com\/cdnoticias.com\/wp-content\/uploads\/2025\/06\/pablo-gonzalez-00.jpg?resize=300%2C167&amp;ssl=1 300w, https:\/\/i0.wp.com\/cdnoticias.com\/wp-content\/uploads\/2025\/06\/pablo-gonzalez-00.jpg?resize=768%2C428&amp;ssl=1 768w, https:\/\/i0.wp.com\/cdnoticias.com\/wp-content\/uploads\/2025\/06\/pablo-gonzalez-00.jpg?resize=800%2C445&amp;ssl=1 800w, https:\/\/i0.wp.com\/cdnoticias.com\/wp-content\/uploads\/2025\/06\/pablo-gonzalez-00.jpg?w=1152&amp;ssl=1 1152w\" sizes=\"auto, (max-width: 800px) 100vw, 800px\" \/><\/p>\n<p>A su vez, cont\u00f3 que \u201cen la \u00faltima reuni\u00f3n del Consejo de Seguridad,<strong> la Departamental comunic\u00f3 que hace 9 o 10 a\u00f1os que no ingresa personal recibido<\/strong>, eso hace que<strong> no se pueda reforzar las localidades\u201d<\/strong>. Tambi\u00e9n se\u00f1al\u00f3 que de los <strong>veh\u00edculos de patrullaje<\/strong> disponibles para esas subcomisar\u00edas y destacamentos, <strong>\u201calgunos est\u00e1n para dar de baja. Se hace un combo para que tengamos algunos hechos abigeato\u201d<\/strong>.<\/p>\n<p>En ese sentido, coment\u00f3 sobre un caso registrado hace dos semanas aunque denunciado formalmente en los \u00faltimos d\u00edas: <strong>el robo de hacienda en pie en un campo de la zona de Colonia San Miguel<\/strong>. Seg\u00fan se pudo saber, se trata de<strong> 10 terneros y terneras de destete de 280 kilos<\/strong> aproximadamente que fueron denunciados como robados. El hecho se dio entre el mi\u00e9rcoles 11 y jueves 12, aunque la denuncia se efectu\u00f3 esta semana debido a la imposibilidad de la propietaria para salir del campo por el estado del terreno.<\/p>\n<blockquote><p>A fin de resolver la problem\u00e1tica de la falta de personal policial, la intenci\u00f3n del Foro de Seguridad Rural es \u201creflotar el proyecto de ley que habla de que todas las localidades que est\u00e1n a una distancia por encima de los 70 kil\u00f3metros del casco urbano pasen a la \u00f3rbita de Patrulla Rural\u201d. Gonz\u00e1lez indic\u00f3 que quedar\u00edan incluidas \u201cRecalde, Blanca Grande y Espigas\u201d, localidades cuyas oficinas policiales actualmente dependen de la Jefatura Departamental de Polic\u00eda de Olavarr\u00eda. La zona cuenta en lo formal con el Destacamento de Espigas y un Puesto de Vigilancia en Recalde: \u201cde Recalde a Espigas es una zona amplia, de 400 kil\u00f3metros, y ah\u00ed se trabaja con un solo m\u00f3vil pr\u00e1cticamente\u201d.<\/p><\/blockquote>\n<p>Asimismo, inform\u00f3 que esta decisi\u00f3n de buscar avanzar con el proyecto de ley fue<strong> comunicada tanto a la Jefatura Departamental de Polic\u00eda como al intendente Maximiliano Wesner<\/strong>.<\/p>\n<p>A modo de resumen, el productor rural consider\u00f3 que \u201ctodo arranca desde 2015 donde debilitan de personal a las localidades. <strong>La famosa s\u00e1bana corta.<\/strong> Hasta que no repongan el personal que sacaron en su momento las localidades est\u00e1n sin gente. <strong>Trabajan con lo que tienen, los jefes hacen lo que pueden<\/strong>\u201d.<\/p>\n","protected":false},"excerpt":{"rendered":"<p>Se habl\u00f3 de la falta de personal policial en las localidades. Pablo Gonz\u00e1lez se\u00f1al\u00f3 que este problema se inici\u00f3 en<\/p>\n","protected":false},"author":4,"featured_media":174756,"comment_status":"closed","ping_status":"closed","sticky":false,"template":"","format":"standard","meta":{"_jetpack_memberships_contains_paid_content":false,"footnotes":""},"categories":[14,1],"tags":[],"class_list":["post-174750","post","type-post","status-publish","format-standard","has-post-thumbnail","hentry","category-policiales","category-portada"],"jetpack_featured_media_url":"https:\/\/i0.wp.com\/cdnoticias.com\/wp-content\/uploads\/2025\/06\/pablo-gonzalez-01.jpg?fit=800%2C445&ssl=1","jetpack_sharing_enabled":true,"_links":{"self":[{"href":"https:\/\/cdnoticias.com\/index.php\/wp-json\/wp\/v2\/posts\/174750","targetHints":{"allow":["GET"]}}],"collection":[{"href":"https:\/\/cdnoticias.com\/index.php\/wp-json\/wp\/v2\/posts"}],"about":[{"href":"https:\/\/cdnoticias.com\/index.php\/wp-json\/wp\/v2\/types\/post"}],"author":[{"embeddable":true,"href":"https:\/\/cdnoticias.com\/index.php\/wp-json\/wp\/v2\/users\/4"}],"replies":[{"embeddable":true,"href":"https:\/\/cdnoticias.com\/index.php\/wp-json\/wp\/v2\/comments?post=174750"}],"version-history":[{"count":0,"href":"https:\/\/cdnoticias.com\/index.php\/wp-json\/wp\/v2\/posts\/174750\/revisions"}],"wp:featuredmedia":[{"embeddable":true,"href":"https:\/\/cdnoticias.com\/index.php\/wp-json\/wp\/v2\/media\/174756"}],"wp:attachment":[{"href":"https:\/\/cdnoticias.com\/index.php\/wp-json\/wp\/v2\/media?parent=174750"}],"wp:term":[{"taxonomy":"category","embeddable":true,"href":"https:\/\/cdnoticias.com\/index.php\/wp-json\/wp\/v2\/categories?post=174750"},{"taxonomy":"post_tag","embeddable":true,"href":"https:\/\/cdnoticias.com\/index.php\/wp-json\/wp\/v2\/tags?post=174750"}],"curies":[{"name":"wp","href":"https:\/\/api.w.org\/{rel}","templated":true}]}}