{"id":174736,"date":"2025-06-20T09:56:40","date_gmt":"2025-06-20T12:56:40","guid":{"rendered":"https:\/\/cdnoticias.com\/?p=174736"},"modified":"2025-06-20T15:53:50","modified_gmt":"2025-06-20T18:53:50","slug":"venta-de-loma-negra-mindlin-dio-un-paso-clave-para-tratar-de-quedarse-con-la-cementera","status":"publish","type":"post","link":"https:\/\/cdnoticias.com\/index.php\/2025\/06\/20\/venta-de-loma-negra-mindlin-dio-un-paso-clave-para-tratar-de-quedarse-con-la-cementera\/","title":{"rendered":"Venta de Loma Negra: Mindlin dio un paso clave para tratar de quedarse con la cementera"},"content":{"rendered":"\n<p>El due\u00f1o de Pampa Energ\u00eda y la constructora Sacde se convirti\u00f3 en acreedor del grupo brasile\u00f1o que controla la cementera. Habr\u00e1 una reuni\u00f3n el 3 de julio en la que puede haber definiciones.<\/p>\n\n\n\n<hr class=\"wp-block-separator has-alpha-channel-opacity\"\/>\n\n\n\n<p>El<strong> empresario argentino Marcelo Mindlin <\/strong>dio el primer paso concreto para tratar de quedarse con Loma Negra. Con total discreci\u00f3n, <strong>a trav\u00e9s de su empresa energ\u00e9tica Argentina Generaci\u00f3n compr\u00f3 una porci\u00f3n de la deuda que los actuales due\u00f1os brasile\u00f1os <\/strong>de la cementera est\u00e1n renegociando con sus acreedores.<\/p>\n\n\n\n<p><\/p>\n\n\n\n<p>De esta forma,<strong> el tambi\u00e9n propietario de Pampa Energ\u00eda y la constructora Sacde<\/strong> avanza como principal candidato local para quedarse con la fabricante de cemento, que dej\u00f3 de interesar a los potenciales inversores de Brasil, tal como anticip\u00f3 \u00e1mbito el mes pasado.<\/p>\n\n\n\n<p><\/p>\n\n\n\n<p>Mindlin concret\u00f3 su avanzada mediante la adquisici\u00f3n de <strong>60% de las acreencias que Banco Ita\u00fa tiene sobre la deuda del grupo InterCement <\/strong>que est\u00e1 en proceso de reestructuraci\u00f3n ante la Justicia de Brasil.<\/p>\n\n\n\n<p><\/p>\n\n\n\n<p>El grupo brasile\u00f1o, a su vez propiedad del h\u00f3lding Mover (ex Camargo Correa) pidi\u00f3 la convocatoria de acreedores en diciembre del a\u00f1o pasado, al no poder hacer frente a sus compromisos por alrededor de u$s2.000 millones.<\/p>\n\n\n\n<p><\/p>\n\n\n\n<p>Uno de sus acreedores es Ita\u00fa, banco al cual Mindlin le compr\u00f3 el 60% de sus acreencias por<strong> u$s45 millones,<\/strong> seg\u00fan trascendi\u00f3 en medios brasile\u00f1os y sin que exista confirmaci\u00f3n oficial en Argentina.<\/p>\n\n\n\n<p><\/p>\n\n\n\n<p>De esta forma, un directivo de Argentina Generaci\u00f3n estar\u00e1 sentado a la mesa de negociaci\u00f3n entre InterCement y sus acreedores. <strong>Este proceso entr\u00f3 en una etapa de definiciones y el pr\u00f3ximo encuentro est\u00e1 programado para el jueves 3 de julio.<\/strong><\/p>\n\n\n\n<p><\/p>\n\n\n\n<p>Si no hay sorpresas, se espera que all\u00ed el emisario de Mindlin <strong>haga una propuesta de arreglo que involucre el traspaso del 52% de las acciones que InterCement tiene en Loma Negra. <\/strong>El resto cotiza en las bolsas de Buenos Aires y Nueva York.<\/p>\n\n\n\n<p><\/p>\n\n\n\n<p>A Mindlin y sus socios la compra de Loma Negra les caer\u00eda como anillo al dedo, ya que podr\u00edan completar la <strong>integraci\u00f3n vertical de su constructora Sacde.<\/strong><\/p>\n\n\n\n<p><\/p>\n\n\n\n<p>Entre los trabajos m\u00e1s conocidos de esta firma figuran la obra del gasoducto N\u00e9stor Kirchner y la reversi\u00f3n del gasoducto Norte, en sociedad con el grupo Techint.<\/p>\n\n\n\n<p><\/p>\n\n\n\n<p>La jugada de Mindlin al comprar las acreencias de Banco Ita\u00fa <strong>busca dejarlo posicionado frente a otros posibles interesados argentinos en los activos de Loma Negra.<\/strong> Desde hace varios meses tambi\u00e9n se menciona en el mercado a una petrolera local muy relevante, cuyo nombre nadie pudo confirmar en el sector, que tambi\u00e9n pretende quedarse con la cementera fundada por Alfredo Fortabat en 1926 en Olavarr\u00eda.<\/p>\n\n\n\n<p><\/p>\n\n\n\n<p>Las posibilidades de Mindlin y otros candidatos argentinos para comprar Loma Negra se hab\u00edan diluido a mediados del a\u00f1o pasado, cuando InterCement otorg\u00f3 la exclusividad a otro grupo brasile\u00f1o,<strong> Compa\u00f1\u00eda Sider\u00fargica Nacional (CSN),<\/strong> para negociar un acuerdo para el traspaso global de sus activos, incluyendo Loma Negra.<\/p>\n\n\n\n<p><\/p>\n\n\n\n<p><strong>Pero esa exclusividad se cay\u00f3 con el concurso de acreedores. <\/strong>Adem\u00e1s, el inter\u00e9s de CSN tambi\u00e9n se vio afectado por un cambio de InterCement en su estrategia de negociaci\u00f3n: el grupo brasile\u00f1o dijo que prefiere no desprenderse de todos sus activos para cancelar deudas. Pretende conservarlos para pagar mediante la generaci\u00f3n de ingresos genuinos y s\u00f3lo ceder algunos activos puntuales, como Loma Negra.<\/p>\n\n\n\n<p><\/p>\n\n\n\n<p><strong>Este nuevo panorama reabri\u00f3 la puerta para posibles compradores argentinos. <\/strong>Si bien Loma Negra no est\u00e1 incluida entre los activos afectados por la gesti\u00f3n judicial, ser\u00eda el activo m\u00e1s atractivo que InterCement est\u00e1 dispuesto a vender.<\/p>\n\n\n\n<p><\/p>\n\n\n\n<p>La capitalizaci\u00f3n burs\u00e1til actual de Loma Negra indica que la empresa vale alrededor de u$s1.400 millones seg\u00fan las cifras de la Bolsa de Nueva York, de manera que<strong> la participaci\u00f3n de InterCement rondar\u00eda los u$s700 millones.<\/strong><\/p>\n\n\n\n<p><\/p>\n\n\n\n<p><em>Fuente: \u00c1mbito Financiero.<\/em><\/p>\n","protected":false},"excerpt":{"rendered":"<p>El due\u00f1o de Pampa Energ\u00eda y la constructora Sacde se convirti\u00f3 en acreedor del grupo brasile\u00f1o que controla la cementera.<\/p>\n","protected":false},"author":5,"featured_media":109244,"comment_status":"closed","ping_status":"closed","sticky":false,"template":"","format":"standard","meta":{"_jetpack_memberships_contains_paid_content":false,"footnotes":""},"categories":[6,1],"tags":[],"class_list":["post-174736","post","type-post","status-publish","format-standard","has-post-thumbnail","hentry","category-nacionales","category-portada"],"jetpack_featured_media_url":"https:\/\/i0.wp.com\/cdnoticias.com\/wp-content\/uploads\/2024\/02\/loma-negra-cemento.jpg?fit=800%2C445&ssl=1","jetpack_sharing_enabled":true,"_links":{"self":[{"href":"https:\/\/cdnoticias.com\/index.php\/wp-json\/wp\/v2\/posts\/174736","targetHints":{"allow":["GET"]}}],"collection":[{"href":"https:\/\/cdnoticias.com\/index.php\/wp-json\/wp\/v2\/posts"}],"about":[{"href":"https:\/\/cdnoticias.com\/index.php\/wp-json\/wp\/v2\/types\/post"}],"author":[{"embeddable":true,"href":"https:\/\/cdnoticias.com\/index.php\/wp-json\/wp\/v2\/users\/5"}],"replies":[{"embeddable":true,"href":"https:\/\/cdnoticias.com\/index.php\/wp-json\/wp\/v2\/comments?post=174736"}],"version-history":[{"count":0,"href":"https:\/\/cdnoticias.com\/index.php\/wp-json\/wp\/v2\/posts\/174736\/revisions"}],"wp:featuredmedia":[{"embeddable":true,"href":"https:\/\/cdnoticias.com\/index.php\/wp-json\/wp\/v2\/media\/109244"}],"wp:attachment":[{"href":"https:\/\/cdnoticias.com\/index.php\/wp-json\/wp\/v2\/media?parent=174736"}],"wp:term":[{"taxonomy":"category","embeddable":true,"href":"https:\/\/cdnoticias.com\/index.php\/wp-json\/wp\/v2\/categories?post=174736"},{"taxonomy":"post_tag","embeddable":true,"href":"https:\/\/cdnoticias.com\/index.php\/wp-json\/wp\/v2\/tags?post=174736"}],"curies":[{"name":"wp","href":"https:\/\/api.w.org\/{rel}","templated":true}]}}