{"id":17473,"date":"2021-03-29T20:22:40","date_gmt":"2021-03-29T23:22:40","guid":{"rendered":"http:\/\/www.centraldenoticias.com.ar\/?p=17473"},"modified":"2021-03-29T20:25:27","modified_gmt":"2021-03-29T23:25:27","slug":"se-necesitan-profesionales-capacitados-para-administrar-vacunas-no-militantes","status":"publish","type":"post","link":"https:\/\/cdnoticias.com\/index.php\/2021\/03\/29\/se-necesitan-profesionales-capacitados-para-administrar-vacunas-no-militantes\/","title":{"rendered":"\u201cSe necesitan profesionales capacitados para administrar vacunas, no militantes\u201d"},"content":{"rendered":"<p>El senador bonaerense Alejandro Cellillo se manifest\u00f3 sobre el esc\u00e1ndalo en Azul por la p\u00e9rdida de 300 vacunas contra el coronavirus.<!--more--><\/p>\n<hr \/>\n<p>En las \u00faltimas horas otra importante pol\u00e9mica se desat\u00f3 en Azul, donde <a href=\"https:\/\/cdnoticias.com\/index.php\/2021\/03\/29\/azul-denunciaron-la-perdida-de-la-cadena-de-frio-de-vacunas-para-covid19\/\" target=\"_blank\" rel=\"noopener\">se denunci\u00f3 que 300 dosis de vacunas contra el coronavirus perdieron la cadena de fr\u00edo<\/a>, <strong>en un episodio que ahora est\u00e1 siendo investigado desde la Justicia Federal.<\/strong><\/p>\n<p>&nbsp;<\/p>\n<p>Seg\u00fan narraron medios de la ciudad vecina, <strong>se habr\u00eda tratado de dosis que se hallaban en el interior de la sede de PAMI, en una situaci\u00f3n que fue advertida por trabajadores del lugar, quienes notificaron la situaci\u00f3n a superiores, quienes dieron inicio a las actuaciones legales<\/strong>.<\/p>\n<p>&nbsp;<\/p>\n<blockquote class=\"twitter-tweet\" data-width=\"550\" data-dnt=\"true\">\n<p lang=\"es\" dir=\"ltr\">Esta situaci\u00f3n ocurrida en la dependencia del PAMI en <a href=\"https:\/\/twitter.com\/hashtag\/Azul?src=hash&amp;ref_src=twsrc%5Etfw\">#Azul<\/a> tiene que esclarecerse ya mismo. <\/p>\n<p>Es inaceptable que no brinden una explicaci\u00f3n p\u00fablica los responsables de esas 300 dosis. <\/p>\n<p>Una vez m\u00e1s: se necesitan profesionales capacitados para administrar vacunas. No militantes <a href=\"https:\/\/t.co\/YJns97WTHa\">pic.twitter.com\/YJns97WTHa<\/a><\/p>\n<p>&mdash; Alejandro Cellillo (@alecellillo) <a href=\"https:\/\/twitter.com\/alecellillo\/status\/1376661105741856769?ref_src=twsrc%5Etfw\">March 29, 2021<\/a><\/p><\/blockquote>\n<p><script async src=\"https:\/\/platform.twitter.com\/widgets.js\" charset=\"utf-8\"><\/script><\/p>\n<p>&nbsp;<\/p>\n<p>Quien se proclam\u00f3 al respecto fue el senador bonaerense Alejandro Cellillo, quien reclam\u00f3 por explicaciones a trav\u00e9s de sus redes sociales. Lo hizo en su cuenta de Twitter, donde pidi\u00f3 que la situaci\u00f3n<strong> \u201ctiene que esclarecerse ya mismo\u201d.<\/strong><\/p>\n<p>&nbsp;<\/p>\n<p>\u201cEs inaceptable que no brinden una explicaci\u00f3n p\u00fablica los responsables de esas 300 dosis. <strong>Una vez m\u00e1s: se necesitan profesionales capacitados para administrar vacunas. No militantes\u201d<\/strong>, complet\u00f3.<\/p>\n","protected":false},"excerpt":{"rendered":"<p>El senador bonaerense Alejandro Cellillo se manifest\u00f3 sobre el esc\u00e1ndalo en Azul por la p\u00e9rdida de 300 vacunas contra el<\/p>\n","protected":false},"author":3,"featured_media":3476,"comment_status":"closed","ping_status":"closed","sticky":false,"template":"","format":"standard","meta":{"_jetpack_memberships_contains_paid_content":false,"footnotes":""},"categories":[6,1],"tags":[],"class_list":["post-17473","post","type-post","status-publish","format-standard","has-post-thumbnail","hentry","category-nacionales","category-portada"],"jetpack_featured_media_url":"https:\/\/i0.wp.com\/cdnoticias.com\/wp-content\/uploads\/2020\/10\/5-sesion.jpeg?fit=1280%2C853&ssl=1","jetpack_sharing_enabled":true,"_links":{"self":[{"href":"https:\/\/cdnoticias.com\/index.php\/wp-json\/wp\/v2\/posts\/17473","targetHints":{"allow":["GET"]}}],"collection":[{"href":"https:\/\/cdnoticias.com\/index.php\/wp-json\/wp\/v2\/posts"}],"about":[{"href":"https:\/\/cdnoticias.com\/index.php\/wp-json\/wp\/v2\/types\/post"}],"author":[{"embeddable":true,"href":"https:\/\/cdnoticias.com\/index.php\/wp-json\/wp\/v2\/users\/3"}],"replies":[{"embeddable":true,"href":"https:\/\/cdnoticias.com\/index.php\/wp-json\/wp\/v2\/comments?post=17473"}],"version-history":[{"count":0,"href":"https:\/\/cdnoticias.com\/index.php\/wp-json\/wp\/v2\/posts\/17473\/revisions"}],"wp:featuredmedia":[{"embeddable":true,"href":"https:\/\/cdnoticias.com\/index.php\/wp-json\/wp\/v2\/media\/3476"}],"wp:attachment":[{"href":"https:\/\/cdnoticias.com\/index.php\/wp-json\/wp\/v2\/media?parent=17473"}],"wp:term":[{"taxonomy":"category","embeddable":true,"href":"https:\/\/cdnoticias.com\/index.php\/wp-json\/wp\/v2\/categories?post=17473"},{"taxonomy":"post_tag","embeddable":true,"href":"https:\/\/cdnoticias.com\/index.php\/wp-json\/wp\/v2\/tags?post=17473"}],"curies":[{"name":"wp","href":"https:\/\/api.w.org\/{rel}","templated":true}]}}