{"id":174729,"date":"2025-06-19T20:04:20","date_gmt":"2025-06-19T23:04:20","guid":{"rendered":"https:\/\/cdnoticias.com\/?p=174729"},"modified":"2025-06-20T09:57:11","modified_gmt":"2025-06-20T12:57:11","slug":"el-gobierno-bonaerense-suspendio-por-90-dias-el-aumento-de-la-tarifa-de-la-vtv","status":"publish","type":"post","link":"https:\/\/cdnoticias.com\/index.php\/2025\/06\/19\/el-gobierno-bonaerense-suspendio-por-90-dias-el-aumento-de-la-tarifa-de-la-vtv\/","title":{"rendered":"El Gobierno bonaerense suspendi\u00f3 por 90 d\u00edas el aumento de la tarifa de la VTV"},"content":{"rendered":"\n<p>La decisi\u00f3n fue formalizada este jueves en Bolet\u00edn Oficial: se busca evita un \u201cimpacto negativo\u201d de los usuarios frente al ajuste general que atraviesa el Pa\u00eds y la Provincia.<\/p>\n\n\n\n<hr class=\"wp-block-separator aligncenter has-alpha-channel-opacity\"\/>\n\n\n\n<p>En un contexto econ\u00f3mico marcado por la necesidad de resguardar el bolsillo de los usuarios, <strong>el Gobierno de la provincia de Buenos Aires decidi\u00f3 suspender por 90 d\u00edas la aplicaci\u00f3n del nuevo valor de la tarifa b\u00e1sica de la Verificaci\u00f3n T\u00e9cnica Vehicular (VTV). La decisi\u00f3n qued\u00f3 formalizada a trav\u00e9s de la Resoluci\u00f3n 163\/2025, <\/strong>firmada por el ministro de Transporte, Mart\u00edn Marinucci, y publicada este jueves en el Bolet\u00edn Oficial.<\/p>\n\n\n\n<p>La medida surge del Acta Acuerdo firmada el 31 de marzo entre la Direcci\u00f3n Provincial de la VTV y la C\u00e1mara Argentina de Verificadores de Automotores (CAVEA). Ambas partes coincidieron en que <strong>era necesario postergar temporalmente la aplicaci\u00f3n del incremento previsto para el semestre que comenz\u00f3 el 5 de abril, para evitar un \u201cimpacto negativo\u201d en los usuarios frente al ajuste general que atraviesa la econom\u00eda del pa\u00eds y particularmente la provincia.<\/strong><\/p>\n\n\n\n<p>La suspensi\u00f3n alcanza a la Resoluci\u00f3n 220\/2024, que <strong>hab\u00eda dispuesto un esquema de actualizaci\u00f3n escalonada de la tarifa b\u00e1sica en tres etapas, tomando como referencia el acuerdo paritario alcanzado en julio de 2024 entre las concesionarias y el sindicato SMATA. Dicho incremento fijaba para diciembre de 2024 un valor de $63.463,30 (IVA incluido) para veh\u00edculos de hasta 2.500 kg, como resultado de los aumentos implementados entre septiembre y diciembre.<\/strong><\/p>\n\n\n\n<p><strong>Para 2025, las concesionarias hab\u00edan solicitado una nueva actualizaci\u00f3n basada en el 7% del salario b\u00e1sico del operario categor\u00eda 1, de acuerdo al convenio colectivo correspondiente. Sin embargo, tanto las empresas como la Provincia acordaron no implementarla, con el prop\u00f3sito de garantizar estabilidad tarifaria en una situaci\u00f3n social y econ\u00f3mica cr\u00edtica.<\/strong><\/p>\n\n\n\n<p>La suspensi\u00f3n cont\u00f3 con la <strong>intervenci\u00f3n de los organismos de control y asesoramiento, como la Asesor\u00eda General de Gobierno, la Fiscal\u00eda de Estado y la Contadur\u00eda General de la Provincia, que avalaron la decisi\u00f3n <\/strong>e incluyeron en el expediente la renuncia expresa de las concesionarias al aumento tarifario por el periodo en cuesti\u00f3n.<\/p>\n\n\n\n<p>La resoluci\u00f3n adoptada por el Ministerio de Transporte bonaerense se enmarca en las facultades otorgadas por la Ley N\u00b0 15.477 y el Decreto N\u00b0 2.103\/22, que regulan el sistema de verificaci\u00f3n vehicular en la provincia, as\u00ed como su r\u00e9gimen de tarifas, condiciones de concesi\u00f3n y actualizaci\u00f3n.<\/p>\n","protected":false},"excerpt":{"rendered":"<p>La decisi\u00f3n fue formalizada este jueves en Bolet\u00edn Oficial: se busca evita un \u201cimpacto negativo\u201d de los usuarios frente al<\/p>\n","protected":false},"author":2,"featured_media":117316,"comment_status":"closed","ping_status":"closed","sticky":false,"template":"","format":"standard","meta":{"_jetpack_memberships_contains_paid_content":false,"footnotes":""},"categories":[5,1],"tags":[],"class_list":["post-174729","post","type-post","status-publish","format-standard","has-post-thumbnail","hentry","category-informacion-general","category-portada"],"jetpack_featured_media_url":"https:\/\/i0.wp.com\/cdnoticias.com\/wp-content\/uploads\/2024\/05\/VTV-02.jpg?fit=1000%2C556&ssl=1","jetpack_sharing_enabled":true,"_links":{"self":[{"href":"https:\/\/cdnoticias.com\/index.php\/wp-json\/wp\/v2\/posts\/174729","targetHints":{"allow":["GET"]}}],"collection":[{"href":"https:\/\/cdnoticias.com\/index.php\/wp-json\/wp\/v2\/posts"}],"about":[{"href":"https:\/\/cdnoticias.com\/index.php\/wp-json\/wp\/v2\/types\/post"}],"author":[{"embeddable":true,"href":"https:\/\/cdnoticias.com\/index.php\/wp-json\/wp\/v2\/users\/2"}],"replies":[{"embeddable":true,"href":"https:\/\/cdnoticias.com\/index.php\/wp-json\/wp\/v2\/comments?post=174729"}],"version-history":[{"count":0,"href":"https:\/\/cdnoticias.com\/index.php\/wp-json\/wp\/v2\/posts\/174729\/revisions"}],"wp:featuredmedia":[{"embeddable":true,"href":"https:\/\/cdnoticias.com\/index.php\/wp-json\/wp\/v2\/media\/117316"}],"wp:attachment":[{"href":"https:\/\/cdnoticias.com\/index.php\/wp-json\/wp\/v2\/media?parent=174729"}],"wp:term":[{"taxonomy":"category","embeddable":true,"href":"https:\/\/cdnoticias.com\/index.php\/wp-json\/wp\/v2\/categories?post=174729"},{"taxonomy":"post_tag","embeddable":true,"href":"https:\/\/cdnoticias.com\/index.php\/wp-json\/wp\/v2\/tags?post=174729"}],"curies":[{"name":"wp","href":"https:\/\/api.w.org\/{rel}","templated":true}]}}