{"id":174713,"date":"2025-06-19T18:53:45","date_gmt":"2025-06-19T21:53:45","guid":{"rendered":"https:\/\/cdnoticias.com\/?p=174713"},"modified":"2025-06-19T18:53:47","modified_gmt":"2025-06-19T21:53:47","slug":"excelente-actuacion-de-las-patinadoras-boquenses-en-el-regional","status":"publish","type":"post","link":"https:\/\/cdnoticias.com\/index.php\/2025\/06\/19\/excelente-actuacion-de-las-patinadoras-boquenses-en-el-regional\/","title":{"rendered":"Excelente actuaci\u00f3n de las patinadoras boquenses en el Regional"},"content":{"rendered":"\n<p>Fue en los \u00faltimos d\u00edas, en el marco de la segunda fecha del Regional de Pat\u00edn que se desarroll\u00f3 en el Macro del club Estudiantes. Los resultados.<\/p>\n\n\n\n<hr class=\"wp-block-separator aligncenter has-alpha-channel-opacity\"\/>\n\n\n\n<p>Durante el fin de semana del 15 y 16 de junio, se llev\u00f3 a cabo la segunda fecha del <strong>Regional de Pat\u00edn<\/strong> organizado por la Asociaci\u00f3n del Centro de Pat\u00edn, que tuvo como sede el Macro del Club Estudiantes. <\/p>\n\n\n\n<p><\/p>\n\n\n\n<p>El Club Boca Junior de nuestra ciudad estuvo presente con <strong>13 patinadoras<\/strong>, acompa\u00f1adas por los t\u00e9cnicos Marcela Romera y Mauricio Gogorza, alcanzando destacados resultados en diferentes categor\u00edas.<\/p>\n\n\n\n<figure class=\"wp-block-image size-large\"><img data-recalc-dims=\"1\" loading=\"lazy\" decoding=\"async\" width=\"800\" height=\"510\" src=\"https:\/\/i0.wp.com\/cdnoticias.com\/wp-content\/uploads\/2025\/06\/b23a8d72-0441-4920-b7c4-0d601b157760.jpg?resize=800%2C510&#038;ssl=1\" alt=\"\" class=\"wp-image-174714\" srcset=\"https:\/\/i0.wp.com\/cdnoticias.com\/wp-content\/uploads\/2025\/06\/b23a8d72-0441-4920-b7c4-0d601b157760-scaled.jpg?resize=1024%2C653&amp;ssl=1 1024w, https:\/\/i0.wp.com\/cdnoticias.com\/wp-content\/uploads\/2025\/06\/b23a8d72-0441-4920-b7c4-0d601b157760-scaled.jpg?resize=300%2C191&amp;ssl=1 300w, https:\/\/i0.wp.com\/cdnoticias.com\/wp-content\/uploads\/2025\/06\/b23a8d72-0441-4920-b7c4-0d601b157760-scaled.jpg?resize=768%2C490&amp;ssl=1 768w, https:\/\/i0.wp.com\/cdnoticias.com\/wp-content\/uploads\/2025\/06\/b23a8d72-0441-4920-b7c4-0d601b157760-scaled.jpg?resize=1536%2C979&amp;ssl=1 1536w, https:\/\/i0.wp.com\/cdnoticias.com\/wp-content\/uploads\/2025\/06\/b23a8d72-0441-4920-b7c4-0d601b157760-scaled.jpg?resize=2048%2C1306&amp;ssl=1 2048w, https:\/\/i0.wp.com\/cdnoticias.com\/wp-content\/uploads\/2025\/06\/b23a8d72-0441-4920-b7c4-0d601b157760-scaled.jpg?w=1600&amp;ssl=1 1600w, https:\/\/i0.wp.com\/cdnoticias.com\/wp-content\/uploads\/2025\/06\/b23a8d72-0441-4920-b7c4-0d601b157760-scaled.jpg?w=2400&amp;ssl=1 2400w\" sizes=\"auto, (max-width: 800px) 100vw, 800px\" \/><\/figure>\n\n\n\n<p><\/p>\n\n\n\n<h4 class=\"wp-block-heading\">Disciplina Libre<\/h4>\n\n\n\n<ul class=\"wp-block-list\">\n<li><strong>Formativa 10 y 11 a\u00f1os<\/strong>: Amparo Di Salvo \u2013 9\u00b0 puesto<\/li>\n\n\n\n<li><strong>Quinta 10 y 11 a\u00f1os<\/strong>: Ernestina Fern\u00e1ndez \u2013 1\u00b0 puesto<\/li>\n\n\n\n<li><strong>Quinta 14 y 15 a\u00f1os<\/strong>: Jazm\u00edn Fern\u00e1ndez \u2013 2\u00b0 puesto, Zoe Alonso \u2013 4\u00b0 puesto, M\u00eda Navarro \u2013 5\u00b0 puesto<\/li>\n\n\n\n<li><strong>Quinta 16 a\u00f1os y m\u00e1s<\/strong>: Emilia Ghizzo \u2013 1\u00b0 puesto, Sof\u00eda Scolaro \u2013 2\u00b0 puesto<\/li>\n\n\n\n<li><strong>Cuarta 10 y 11 a\u00f1os<\/strong>: Uma Barrag\u00e1n \u2013 4\u00b0 puesto<\/li>\n\n\n\n<li><strong>Cuarta 14 y 15 a\u00f1os<\/strong>: Candela Coronel \u2013 7\u00b0 puesto<\/li>\n\n\n\n<li><strong>Tercera C 12 y 13 a\u00f1os<\/strong>: Micaela Schneider \u2013 1\u00b0 puesto<\/li>\n\n\n\n<li><strong>Tercera C 14 y 15 a\u00f1os<\/strong>: M\u00eda Jansen \u2013 3\u00b0 puesto<\/li>\n\n\n\n<li><strong>Segunda C 14 y 15 a\u00f1os<\/strong>: Martina Di Salvo \u2013 1\u00b0 puesto<\/li>\n<\/ul>\n\n\n\n<p><\/p>\n\n\n\n<h4 class=\"wp-block-heading\">Figuras Obligatorias<\/h4>\n\n\n\n<ul class=\"wp-block-list\">\n<li><strong>Quinta 10 y 11 a\u00f1os<\/strong>: Ernestina Fern\u00e1ndez \u2013 1\u00b0 puesto<\/li>\n\n\n\n<li><strong>Quinta 14 y 15 a\u00f1os<\/strong>: Zoe Alonso \u2013 2\u00b0 puesto<\/li>\n\n\n\n<li><strong>Quinta 16 a\u00f1os y m\u00e1s<\/strong>: Sof\u00eda Scolaro \u2013 1\u00b0 puesto<\/li>\n\n\n\n<li><strong>Cuarta 14 y 15 a\u00f1os<\/strong>: M\u00eda Jansen \u2013 1\u00b0 puesto<\/li>\n\n\n\n<li><strong>Cuarta 12 y 13 a\u00f1os<\/strong>: Micaela Schneider \u2013 1\u00b0 puesto<\/li>\n\n\n\n<li><strong>World Skate Senior<\/strong>: Luz Kremer \u2013 1\u00b0 puesto<\/li>\n<\/ul>\n","protected":false},"excerpt":{"rendered":"<p>Fue en los \u00faltimos d\u00edas, en el marco de la segunda fecha del Regional de Pat\u00edn que se desarroll\u00f3 en<\/p>\n","protected":false},"author":2,"featured_media":174715,"comment_status":"closed","ping_status":"closed","sticky":false,"template":"","format":"standard","meta":{"_jetpack_memberships_contains_paid_content":false,"footnotes":""},"categories":[29,30,1],"tags":[],"class_list":["post-174713","post","type-post","status-publish","format-standard","has-post-thumbnail","hentry","category-deportes","category-polideportivo","category-portada"],"jetpack_featured_media_url":"https:\/\/i0.wp.com\/cdnoticias.com\/wp-content\/uploads\/2025\/06\/0a9de0f5-93cb-4f90-9093-509b2b91885d-scaled.jpg?fit=2560%2C1795&ssl=1","jetpack_sharing_enabled":true,"_links":{"self":[{"href":"https:\/\/cdnoticias.com\/index.php\/wp-json\/wp\/v2\/posts\/174713","targetHints":{"allow":["GET"]}}],"collection":[{"href":"https:\/\/cdnoticias.com\/index.php\/wp-json\/wp\/v2\/posts"}],"about":[{"href":"https:\/\/cdnoticias.com\/index.php\/wp-json\/wp\/v2\/types\/post"}],"author":[{"embeddable":true,"href":"https:\/\/cdnoticias.com\/index.php\/wp-json\/wp\/v2\/users\/2"}],"replies":[{"embeddable":true,"href":"https:\/\/cdnoticias.com\/index.php\/wp-json\/wp\/v2\/comments?post=174713"}],"version-history":[{"count":0,"href":"https:\/\/cdnoticias.com\/index.php\/wp-json\/wp\/v2\/posts\/174713\/revisions"}],"wp:featuredmedia":[{"embeddable":true,"href":"https:\/\/cdnoticias.com\/index.php\/wp-json\/wp\/v2\/media\/174715"}],"wp:attachment":[{"href":"https:\/\/cdnoticias.com\/index.php\/wp-json\/wp\/v2\/media?parent=174713"}],"wp:term":[{"taxonomy":"category","embeddable":true,"href":"https:\/\/cdnoticias.com\/index.php\/wp-json\/wp\/v2\/categories?post=174713"},{"taxonomy":"post_tag","embeddable":true,"href":"https:\/\/cdnoticias.com\/index.php\/wp-json\/wp\/v2\/tags?post=174713"}],"curies":[{"name":"wp","href":"https:\/\/api.w.org\/{rel}","templated":true}]}}